{"id":10108,"date":"2026-04-30T08:21:09","date_gmt":"2026-04-30T08:21:09","guid":{"rendered":"https:\/\/www.moto-collection.org\/blog\/?p=10108"},"modified":"2026-04-30T08:28:34","modified_gmt":"2026-04-30T08:28:34","slug":"guy-baster-nous-a-quitte","status":"publish","type":"post","link":"https:\/\/www.moto-collection.org\/blog\/guy-baster-nous-a-quitte\/","title":{"rendered":"Guy Baster nous a quitt\u00e9s"},"content":{"rendered":"<p>[vc_row][vc_column][vc_single_image image=\u00a0\u00bb10112&Prime; img_size=\u00a0\u00bbfull\u00a0\u00bb add_caption=\u00a0\u00bbyes\u00a0\u00bb][\/vc_column][\/vc_row][vc_row][vc_column][vc_column_text]<\/p>\n<p>Bien triste nouvelle en ce matin du 30 avril, Guy Baster nous a quitt\u00e9s subitement cette nuit apr\u00e8s un malaise cardiaque. , il avait 74 ans.<\/p>\n<p>Collectionneur passionn\u00e9 depuis des d\u00e9cennies Guy avait r\u00e9uni dans son mus\u00e9e de Riom, \u00a0qui commen\u00e7ait d&rsquo;ailleurs \u00e0 devenir trop petit, plus de 800 motos dont une fabuleuse s\u00e9rie de belles am\u00e9ricaines quatre cylindres, la seule quatre cylindres Train connue et bien bien d&rsquo;autres sur plus de 2000 m3. Nous perdons un ami et l&rsquo;un des piliers de la collection de la moto en France.<\/p>\n<p>Toutes nos condol\u00e9ances \u00e0 son fils Flavien Baster qui, travaillait avec son p\u00e8re sur la collection et qui aura \u00e0 coeur de continuer et d\u00e9velopper ce qui est actuellement le plus grand mus\u00e9e fran\u00e7ais de la moto.<\/p>\n<p>Je vous renvoie vers l<a href=\"https:\/\/www.facebook.com\/share\/v\/1AbWA5Nvzx\/\" target=\"_blank\" rel=\"noopener\">&lsquo;excellent interview de Guy publi\u00e9 sur FaceBook par Classic Expert.<\/a><\/p>\n<p>&nbsp;<\/p>\n<p>[\/vc_column_text][vc_single_image image=\u00a0\u00bb10109&Prime; img_size=\u00a0\u00bbfull\u00a0\u00bb][vc_single_image image=\u00a0\u00bb10110&Prime; img_size=\u00a0\u00bbfull\u00a0\u00bb][vc_single_image image=\u00a0\u00bb10111&Prime; img_size=\u00a0\u00bbfull\u00a0\u00bb][\/vc_column][\/vc_row]<\/p>\n","protected":false},"excerpt":{"rendered":"<p>[vc_row][vc_column][vc_single_image image=\u00a0\u00bb10112&Prime; img_size=\u00a0\u00bbfull\u00a0\u00bb add_caption=\u00a0\u00bbyes\u00a0\u00bb][\/vc_column][\/vc_row][vc_row][vc_column][vc_column_text] Bien triste nouvelle en ce matin du 30 avril, Guy Baster nous a quitt\u00e9s subitement cette nuit apr\u00e8s un malaise cardiaque. , il avait 74 ans. Collectionneur passionn\u00e9 depuis des d\u00e9cennies Guy avait r\u00e9uni dans son mus\u00e9e de Riom, \u00a0qui commen\u00e7ait d&rsquo;ailleurs \u00e0 devenir trop petit, plus de 800 motos dont [&hellip;]<\/p>\n","protected":false},"author":1,"featured_media":10116,"comment_status":"open","ping_status":"open","sticky":false,"template":"","format":"standard","meta":[],"categories":[2],"tags":[94,957,958],"_links":{"self":[{"href":"https:\/\/www.moto-collection.org\/blog\/wp-json\/wp\/v2\/posts\/10108"}],"collection":[{"href":"https:\/\/www.moto-collection.org\/blog\/wp-json\/wp\/v2\/posts"}],"about":[{"href":"https:\/\/www.moto-collection.org\/blog\/wp-json\/wp\/v2\/types\/post"}],"author":[{"embeddable":true,"href":"https:\/\/www.moto-collection.org\/blog\/wp-json\/wp\/v2\/users\/1"}],"replies":[{"embeddable":true,"href":"https:\/\/www.moto-collection.org\/blog\/wp-json\/wp\/v2\/comments?post=10108"}],"version-history":[{"count":0,"href":"https:\/\/www.moto-collection.org\/blog\/wp-json\/wp\/v2\/posts\/10108\/revisions"}],"wp:featuredmedia":[{"embeddable":true,"href":"https:\/\/www.moto-collection.org\/blog\/wp-json\/wp\/v2\/media\/10116"}],"wp:attachment":[{"href":"https:\/\/www.moto-collection.org\/blog\/wp-json\/wp\/v2\/media?parent=10108"}],"wp:term":[{"taxonomy":"category","embeddable":true,"href":"https:\/\/www.moto-collection.org\/blog\/wp-json\/wp\/v2\/categories?post=10108"},{"taxonomy":"post_tag","embeddable":true,"href":"https:\/\/www.moto-collection.org\/blog\/wp-json\/wp\/v2\/tags?post=10108"}],"curies":[{"name":"wp","href":"https:\/\/api.w.org\/{rel}","templated":true}]}}