{"id":1484,"date":"2015-11-19T18:15:51","date_gmt":"2015-11-19T18:15:51","guid":{"rendered":"http:\/\/www.moto-collection.org\/blog\/?p=1484"},"modified":"2015-11-19T18:15:51","modified_gmt":"2015-11-19T18:15:51","slug":"anti-salon-2016-nouveautes-ou-reprises","status":"publish","type":"post","link":"https:\/\/www.moto-collection.org\/blog\/anti-salon-2016-nouveautes-ou-reprises\/","title":{"rendered":"Anti-salon 2016 : nouveaut\u00e9s ou reprises?"},"content":{"rendered":"<p style=\"text-align: justify;\"><strong>L\u2019EICMA<\/strong>, <strong>le premier grand salon de la moto de l\u2019ann\u00e9e vient d\u2019ouvrir ses portes \u00e0 Milan avec quelques belles nouveaut\u00e9s\u2026 qui se raccrochent d\u00e9sesp\u00e9r\u00e9ment \u00e0 l\u2019histoire de leurs marques respectives\u00a0pour\u00a0na\u00eetre avec, d\u00e9j\u00e0, une image. Le choix de la parent\u00e9 est parfois curieux\u2026<\/strong><\/p>\n<p style=\"text-align: center;\"><span style=\"color: #808080;\"><em>On acc\u00e8de aux historiques complets des mod\u00e8les \u00ab\u00a0d\u2019origine\u00a0\u00bb en cliquant sur les liens en bleu.<\/em><\/span><\/p>\n<p style=\"text-align: center;\"><span style=\"color: #808080;\"><em>Photos \u00a0FMD\/moto-collection.org<\/em><\/span><\/p>\n<p style=\"text-align: justify;\"><strong>En 2016, c\u2019est officiel, Peugeot revient au Championnat du monde de vitesse en 250\u00a0Moto3<\/strong> avec Alexis Masbou et John McPhee\u2026 <a href=\"http:\/\/www.moto-collection.org\/83aHGyq6\/wp-content\/uploads\/Peugeot-500-M-1913-Boulicot-35.jpg\"><img loading=\"lazy\" class=\"size-full wp-image-1485 aligncenter\" src=\"https:\/\/www.moto-collection.org\/83aHGyq6\/wp-content\/uploads\/Peugeot-500-M-1913-Boulicot-35.jpg\" alt=\"Peugeot 500 M 1913 Boulicot-35\" width=\"800\" height=\"484\" srcset=\"https:\/\/www.moto-collection.org\/83aHGyq6\/wp-content\/uploads\/Peugeot-500-M-1913-Boulicot-35.jpg 800w, https:\/\/www.moto-collection.org\/83aHGyq6\/wp-content\/uploads\/Peugeot-500-M-1913-Boulicot-35-150x91.jpg 150w, https:\/\/www.moto-collection.org\/83aHGyq6\/wp-content\/uploads\/Peugeot-500-M-1913-Boulicot-35-300x182.jpg 300w, https:\/\/www.moto-collection.org\/83aHGyq6\/wp-content\/uploads\/Peugeot-500-M-1913-Boulicot-35-250x151.jpg 250w\" sizes=\"(max-width: 800px) 100vw, 800px\" \/><\/a>la premi\u00e8re fois, c\u2019\u00e9tait en 1913 avec une <strong>500 bicylindre r\u00e9volutionnaire<\/strong> \u00e0 double arbre \u00e0 cames en t\u00eate et huit soupapes.<\/p>\n<div id=\"attachment_1486\" style=\"width: 648px\" class=\"wp-caption aligncenter\"><a href=\"http:\/\/www.moto-collection.org\/83aHGyq6\/wp-content\/uploads\/Peugeot-500-M2-Peugeot-Revue.jpg\"><img aria-describedby=\"caption-attachment-1486\" loading=\"lazy\" class=\"size-full wp-image-1486\" src=\"https:\/\/www.moto-collection.org\/83aHGyq6\/wp-content\/uploads\/Peugeot-500-M2-Peugeot-Revue.jpg\" alt=\"Geo Ham\" width=\"638\" height=\"800\" srcset=\"https:\/\/www.moto-collection.org\/83aHGyq6\/wp-content\/uploads\/Peugeot-500-M2-Peugeot-Revue.jpg 638w, https:\/\/www.moto-collection.org\/83aHGyq6\/wp-content\/uploads\/Peugeot-500-M2-Peugeot-Revue-120x150.jpg 120w, https:\/\/www.moto-collection.org\/83aHGyq6\/wp-content\/uploads\/Peugeot-500-M2-Peugeot-Revue-239x300.jpg 239w, https:\/\/www.moto-collection.org\/83aHGyq6\/wp-content\/uploads\/Peugeot-500-M2-Peugeot-Revue-250x313.jpg 250w\" sizes=\"(max-width: 638px) 100vw, 638px\" \/><\/a><p id=\"caption-attachment-1486\" class=\"wp-caption-text\">Geo Ham<\/p><\/div>\n<p style=\"text-align: justify;\"><strong><a href=\"http:\/\/www.moto-collection.org\/moto-collection\/modele.php?idfiche=1007\" target=\"_blank\">\u00c0 partir de 1923, la marque au Lion continuait de s\u2019illustrer avec une nouvelle\u00a0500 bicylindre<\/a>,<\/strong> cette fois \u00e0 simple ACT qu\u2019on vit sur les circuits fran\u00e7ais et internationaux jusqu\u2019en 1926 o\u00f9 la marque disparut des \u00e9preuves sur circuit de vitesse.<\/p>\n<p style=\"text-align: justify;\"><strong>Benelli<\/strong>, lui aussi sous perfusion chinoise, se retourne d\u00e9sesp\u00e9r\u00e9ment vers son pass\u00e9 italien en baptisant <strong>Tornado\u00a0302<\/strong> sa nouvelle petite sportive de 300\u00a0cm<sup>3<\/sup> avec bicylindre vertical de 300\u00a0cm<sup>3<\/sup> \u00e0 refroidissement liquide et culasse huit soupapes.<a href=\"http:\/\/www.moto-collection.org\/83aHGyq6\/wp-content\/uploads\/Benelli-650-Tornado1969-156.jpg\"><img loading=\"lazy\" class=\"size-full wp-image-1487 aligncenter\" src=\"https:\/\/www.moto-collection.org\/83aHGyq6\/wp-content\/uploads\/Benelli-650-Tornado1969-156.jpg\" alt=\"Benelli 650 Tornado1969-156\" width=\"800\" height=\"492\" srcset=\"https:\/\/www.moto-collection.org\/83aHGyq6\/wp-content\/uploads\/Benelli-650-Tornado1969-156.jpg 800w, https:\/\/www.moto-collection.org\/83aHGyq6\/wp-content\/uploads\/Benelli-650-Tornado1969-156-150x92.jpg 150w, https:\/\/www.moto-collection.org\/83aHGyq6\/wp-content\/uploads\/Benelli-650-Tornado1969-156-300x185.jpg 300w, https:\/\/www.moto-collection.org\/83aHGyq6\/wp-content\/uploads\/Benelli-650-Tornado1969-156-250x154.jpg 250w\" sizes=\"(max-width: 800px) 100vw, 800px\" \/><\/a>\u2026 hommage \u00e0 la <strong><a href=\"http:\/\/www.moto-collection.org\/moto-collection\/modele.php?idfiche=610\" target=\"_blank\">Tornado 650<\/a><\/strong> pr\u00e9sent\u00e9e au salon de Milan en 1969.\u00a0<a href=\"http:\/\/www.moto-collection.org\/83aHGyq6\/wp-content\/uploads\/Benelli-125-Leoncino4t-1956-3.jpg\"><img loading=\"lazy\" class=\"size-full wp-image-1488 aligncenter\" src=\"https:\/\/www.moto-collection.org\/83aHGyq6\/wp-content\/uploads\/Benelli-125-Leoncino4t-1956-3.jpg\" alt=\"Benelli 125 Leoncino4t 1956-3\" width=\"800\" height=\"533\" srcset=\"https:\/\/www.moto-collection.org\/83aHGyq6\/wp-content\/uploads\/Benelli-125-Leoncino4t-1956-3.jpg 800w, https:\/\/www.moto-collection.org\/83aHGyq6\/wp-content\/uploads\/Benelli-125-Leoncino4t-1956-3-150x100.jpg 150w, https:\/\/www.moto-collection.org\/83aHGyq6\/wp-content\/uploads\/Benelli-125-Leoncino4t-1956-3-300x200.jpg 300w, https:\/\/www.moto-collection.org\/83aHGyq6\/wp-content\/uploads\/Benelli-125-Leoncino4t-1956-3-250x167.jpg 250w\" sizes=\"(max-width: 800px) 100vw, 800px\" \/><\/a>Pour bien insister sur sa filiation Benelli expose aussi un <strong>Leoncino n\u00e9o-r\u00e9tro de 500\u00a0cm<sup>3<\/sup><\/strong> \u00e0 double ACT et 8 soupapes. La r\u00e9f\u00e9rence est le sublime <strong><a href=\"http:\/\/www.moto-collection.org\/moto-collection\/modele.php?idfiche=3310\" target=\"_blank\">Leoncino 125 quatre-temps \u00e0 ACT<\/a><\/strong>\u00a0entra\u00een\u00e9 par cascade de pignons n\u00e9\u00a0en 1956. <a href=\"http:\/\/www.moto-collection.org\/83aHGyq6\/wp-content\/uploads\/Benelli-Leoncino2t-1953-1.jpg\"><img loading=\"lazy\" class=\"size-full wp-image-1489 aligncenter\" src=\"https:\/\/www.moto-collection.org\/83aHGyq6\/wp-content\/uploads\/Benelli-Leoncino2t-1953-1.jpg\" alt=\"Benelli Leoncino2t 1953-1\" width=\"800\" height=\"533\" srcset=\"https:\/\/www.moto-collection.org\/83aHGyq6\/wp-content\/uploads\/Benelli-Leoncino2t-1953-1.jpg 800w, https:\/\/www.moto-collection.org\/83aHGyq6\/wp-content\/uploads\/Benelli-Leoncino2t-1953-1-150x100.jpg 150w, https:\/\/www.moto-collection.org\/83aHGyq6\/wp-content\/uploads\/Benelli-Leoncino2t-1953-1-300x200.jpg 300w, https:\/\/www.moto-collection.org\/83aHGyq6\/wp-content\/uploads\/Benelli-Leoncino2t-1953-1-250x167.jpg 250w\" sizes=\"(max-width: 800px) 100vw, 800px\" \/><\/a>Il y eut aussi \u00e0 partir de 1952 un <strong><a href=\"http:\/\/www.moto-collection.org\/moto-collection\/modele.php?idfiche=7514\" target=\"_blank\">Leoncino deux temps<\/a><\/strong> qui brilla r\u00e9guli\u00e8rement sur les circuits.<\/p>\n<p><strong>BMW<\/strong> revient aux petites cylindr\u00e9es avec la <strong>G310 R de 313\u00a0cm<sup>3<\/sup><\/strong> d\u00e9livrant 34\u00a0ch \u00e0 9500\u00a0tr\/min pour 159\u00a0kg. <a href=\"http:\/\/www.moto-collection.org\/83aHGyq6\/wp-content\/uploads\/BMW-200-R2-1931-19.jpg\"><img loading=\"lazy\" class=\"size-full wp-image-1490 aligncenter\" src=\"https:\/\/www.moto-collection.org\/83aHGyq6\/wp-content\/uploads\/BMW-200-R2-1931-19.jpg\" alt=\"BMW 200 R2-1931-19\" width=\"800\" height=\"534\" srcset=\"https:\/\/www.moto-collection.org\/83aHGyq6\/wp-content\/uploads\/BMW-200-R2-1931-19.jpg 800w, https:\/\/www.moto-collection.org\/83aHGyq6\/wp-content\/uploads\/BMW-200-R2-1931-19-150x100.jpg 150w, https:\/\/www.moto-collection.org\/83aHGyq6\/wp-content\/uploads\/BMW-200-R2-1931-19-300x200.jpg 300w, https:\/\/www.moto-collection.org\/83aHGyq6\/wp-content\/uploads\/BMW-200-R2-1931-19-250x167.jpg 250w\" sizes=\"(max-width: 800px) 100vw, 800px\" \/><\/a>Son premier monocylindre fut la 250\u00a0R39 en 1925, suivi en 1931 par la <strong><a href=\"http:\/\/www.moto-collection.org\/moto-collection\/modele.php?idfiche=2214\" target=\"_blank\">200\u00a0cm<sup>3<\/sup>\u00a0R2 (en photo)<\/a> <\/strong>puis, en 1936, la R3, tr\u00e8s similaire, mais cubant 305\u00a0cm<sup>3<\/sup>. Une cylindr\u00e9e d\u00e9cid\u00e9ment pr\u00e9destin\u00e9e.<\/p>\n<p style=\"text-align: justify;\"><strong>Moto Guzzi<\/strong> qui multiplie sans fin les versions de son gros bicylindre en V pr\u00e9sente <strong>la V7 II Stornello,<\/strong> <a href=\"http:\/\/www.moto-collection.org\/83aHGyq6\/wp-content\/uploads\/guzzi-125-stornello-Regolarita-1959.jpg\"><img loading=\"lazy\" class=\"size-full wp-image-1491 aligncenter\" src=\"https:\/\/www.moto-collection.org\/83aHGyq6\/wp-content\/uploads\/guzzi-125-stornello-Regolarita-1959.jpg\" alt=\"guzzi 125 stornello Regolarita 1959\" width=\"800\" height=\"536\" srcset=\"https:\/\/www.moto-collection.org\/83aHGyq6\/wp-content\/uploads\/guzzi-125-stornello-Regolarita-1959.jpg 800w, https:\/\/www.moto-collection.org\/83aHGyq6\/wp-content\/uploads\/guzzi-125-stornello-Regolarita-1959-150x101.jpg 150w, https:\/\/www.moto-collection.org\/83aHGyq6\/wp-content\/uploads\/guzzi-125-stornello-Regolarita-1959-300x201.jpg 300w, https:\/\/www.moto-collection.org\/83aHGyq6\/wp-content\/uploads\/guzzi-125-stornello-Regolarita-1959-250x168.jpg 250w\" sizes=\"(max-width: 800px) 100vw, 800px\" \/><\/a>un dr\u00f4le d\u2019\u00e9tourneau quand m\u00eame a priori moins alerte que les <strong>Stornello<\/strong> d\u2019origine ci-dessus\u00a0dans sa mouture\u00a0officielle enduro <strong><a href=\"http:\/\/www.moto-collection.org\/moto-collection\/modele.php?idfiche=7309\" target=\"_blank\">Regolarita de 1959<\/a><\/strong><a href=\"http:\/\/www.moto-collection.org\/83aHGyq6\/wp-content\/uploads\/Guzzi-125-Stornello-5v-1970-14.jpg\"><img loading=\"lazy\" class=\"size-full wp-image-1492 aligncenter\" src=\"https:\/\/www.moto-collection.org\/83aHGyq6\/wp-content\/uploads\/Guzzi-125-Stornello-5v-1970-14.jpg\" alt=\"Guzzi 125 Stornello 5v 1970-14\" width=\"800\" height=\"596\" srcset=\"https:\/\/www.moto-collection.org\/83aHGyq6\/wp-content\/uploads\/Guzzi-125-Stornello-5v-1970-14.jpg 800w, https:\/\/www.moto-collection.org\/83aHGyq6\/wp-content\/uploads\/Guzzi-125-Stornello-5v-1970-14-150x112.jpg 150w, https:\/\/www.moto-collection.org\/83aHGyq6\/wp-content\/uploads\/Guzzi-125-Stornello-5v-1970-14-300x224.jpg 300w, https:\/\/www.moto-collection.org\/83aHGyq6\/wp-content\/uploads\/Guzzi-125-Stornello-5v-1970-14-250x186.jpg 250w\" sizes=\"(max-width: 800px) 100vw, 800px\" \/><\/a>ou dans<strong> la toute derni\u00e8re \u00e9volution routi\u00e8re<\/strong> du salon de Milan 1970.<\/p>\n<p style=\"text-align: justify;\">On assiste enfin <strong>au retour sur le bitume d\u2019Husqvarna et de KTM<\/strong>.<\/p>\n<p><a href=\"http:\/\/www.moto-collection.org\/83aHGyq6\/wp-content\/uploads\/Husqvarna-500-twin-Sunnqvist-039.jpg\"><img loading=\"lazy\" class=\"size-full wp-image-1493\" src=\"https:\/\/www.moto-collection.org\/83aHGyq6\/wp-content\/uploads\/Husqvarna-500-twin-Sunnqvist-039.jpg\" alt=\"132 kg - 44 ch\/6900 tr\/mn\" width=\"800\" height=\"540\" srcset=\"https:\/\/www.moto-collection.org\/83aHGyq6\/wp-content\/uploads\/Husqvarna-500-twin-Sunnqvist-039.jpg 800w, https:\/\/www.moto-collection.org\/83aHGyq6\/wp-content\/uploads\/Husqvarna-500-twin-Sunnqvist-039-150x101.jpg 150w, https:\/\/www.moto-collection.org\/83aHGyq6\/wp-content\/uploads\/Husqvarna-500-twin-Sunnqvist-039-300x203.jpg 300w, https:\/\/www.moto-collection.org\/83aHGyq6\/wp-content\/uploads\/Husqvarna-500-twin-Sunnqvist-039-250x169.jpg 250w\" sizes=\"(max-width: 800px) 100vw, 800px\" \/><\/a><\/p>\n<p style=\"text-align: justify;\">Husqvarna s\u2019\u00e9tait d\u00e9j\u00e0 rendu c\u00e9l\u00e8bre en courses de vitesse dans les ann\u00e9es trente en particulier avec cette <a href=\"http:\/\/www.moto-collection.org\/moto-collection\/modele.php?idfiche=1217\" target=\"_blank\"><strong>500 de 1935 \u00a0<\/strong>donn\u00e9e pour 132 kg &#8211; &#8211; et 44 ch\/6900 tr\/mi<\/a>n.\u2026<a href=\"http:\/\/www.moto-collection.org\/83aHGyq6\/wp-content\/uploads\/Husqvarna-700-twin-GP.jpg\"><img loading=\"lazy\" class=\"size-full wp-image-1494 aligncenter\" src=\"https:\/\/www.moto-collection.org\/83aHGyq6\/wp-content\/uploads\/Husqvarna-700-twin-GP.jpg\" alt=\"Husqvarna 700 twin GP\" width=\"800\" height=\"533\" srcset=\"https:\/\/www.moto-collection.org\/83aHGyq6\/wp-content\/uploads\/Husqvarna-700-twin-GP.jpg 800w, https:\/\/www.moto-collection.org\/83aHGyq6\/wp-content\/uploads\/Husqvarna-700-twin-GP-150x100.jpg 150w, https:\/\/www.moto-collection.org\/83aHGyq6\/wp-content\/uploads\/Husqvarna-700-twin-GP-300x200.jpg 300w, https:\/\/www.moto-collection.org\/83aHGyq6\/wp-content\/uploads\/Husqvarna-700-twin-GP-250x167.jpg 250w\" sizes=\"(max-width: 800px) 100vw, 800px\" \/><\/a>\u2026et avait fait une ultime et fugace apparition <strong><a href=\"http:\/\/www.moto-collection.org\/moto-collection\/modele.php?idfiche=8614\" target=\"_blank\">en 1974 avec une 700\u00a0cm<sup>3<\/sup><\/a><\/strong> construite sur la base de deux moteurs de cross accoupl\u00e9s. <a href=\"http:\/\/www.moto-collection.org\/83aHGyq6\/wp-content\/uploads\/KTM-175-1957-002.jpg\"><img loading=\"lazy\" class=\"size-full wp-image-1495 aligncenter\" src=\"https:\/\/www.moto-collection.org\/83aHGyq6\/wp-content\/uploads\/KTM-175-1957-002.jpg\" alt=\"KTM 175-1957-002\" width=\"800\" height=\"535\" srcset=\"https:\/\/www.moto-collection.org\/83aHGyq6\/wp-content\/uploads\/KTM-175-1957-002.jpg 800w, https:\/\/www.moto-collection.org\/83aHGyq6\/wp-content\/uploads\/KTM-175-1957-002-150x100.jpg 150w, https:\/\/www.moto-collection.org\/83aHGyq6\/wp-content\/uploads\/KTM-175-1957-002-300x201.jpg 300w, https:\/\/www.moto-collection.org\/83aHGyq6\/wp-content\/uploads\/KTM-175-1957-002-250x167.jpg 250w\" sizes=\"(max-width: 800px) 100vw, 800px\" \/><\/a>KTM quant \u00e0 lui d\u00e9buta avec celle remarquable <a href=\"http:\/\/www.moto-collection.org\/moto-collection\/modele.php?idfiche=9420\" target=\"_blank\"><strong>125 course\u00a0 \u00e0 double ACT<\/strong>\u00a0<\/a>bas\u00e9e sur un moteur MV Agusta .<\/p>\n<p style=\"text-align: justify;\"><strong>Triumph<\/strong> continue de faire \u00e9voluer ses trails Tiger et Explorer. <a href=\"http:\/\/www.moto-collection.org\/83aHGyq6\/wp-content\/uploads\/Triumph-650-Trophy-Steve-McQueen.jpg\"><img loading=\"lazy\" class=\"size-full wp-image-1496 aligncenter\" src=\"https:\/\/www.moto-collection.org\/83aHGyq6\/wp-content\/uploads\/Triumph-650-Trophy-Steve-McQueen.jpg\" alt=\"Triumph Trophy Steve McQueen\" width=\"626\" height=\"800\" srcset=\"https:\/\/www.moto-collection.org\/83aHGyq6\/wp-content\/uploads\/Triumph-650-Trophy-Steve-McQueen.jpg 626w, https:\/\/www.moto-collection.org\/83aHGyq6\/wp-content\/uploads\/Triumph-650-Trophy-Steve-McQueen-117x150.jpg 117w, https:\/\/www.moto-collection.org\/83aHGyq6\/wp-content\/uploads\/Triumph-650-Trophy-Steve-McQueen-235x300.jpg 235w, https:\/\/www.moto-collection.org\/83aHGyq6\/wp-content\/uploads\/Triumph-650-Trophy-Steve-McQueen-250x319.jpg 250w\" sizes=\"(max-width: 626px) 100vw, 626px\" \/><\/a>Curieuse r\u00e9utilisation, car \u00ab\u00e0 l\u2019origine, <strong>la version tout terrain de <a href=\"http:\/\/www.moto-collection.org\/moto-collection\/modele.php?idfiche=8810\" target=\"_blank\">la 650 s\u2019appelait Trophy<\/a><\/strong> (ici aux mains de Steve Mac Queen).<\/p>\n<p style=\"text-align: justify;\">Fid\u00e8le \u00e0 lui-m\u00eame enfin, <strong>Indian<\/strong> reprend pour <strong>sa Scout Sixty<\/strong> a traditionnelle appellation Scout, appliqu\u00e9e ici \u00e0 une version de 1931.<a href=\"http:\/\/www.moto-collection.org\/83aHGyq6\/wp-content\/uploads\/Indian-750-Scout-type-101-1931-1.jpg\"><img loading=\"lazy\" class=\"size-full wp-image-1497 aligncenter\" src=\"https:\/\/www.moto-collection.org\/83aHGyq6\/wp-content\/uploads\/Indian-750-Scout-type-101-1931-1.jpg\" alt=\"Indian 750 Scout type 101-1931-1\" width=\"800\" height=\"531\" srcset=\"https:\/\/www.moto-collection.org\/83aHGyq6\/wp-content\/uploads\/Indian-750-Scout-type-101-1931-1.jpg 800w, https:\/\/www.moto-collection.org\/83aHGyq6\/wp-content\/uploads\/Indian-750-Scout-type-101-1931-1-150x100.jpg 150w, https:\/\/www.moto-collection.org\/83aHGyq6\/wp-content\/uploads\/Indian-750-Scout-type-101-1931-1-300x199.jpg 300w, https:\/\/www.moto-collection.org\/83aHGyq6\/wp-content\/uploads\/Indian-750-Scout-type-101-1931-1-250x166.jpg 250w\" sizes=\"(max-width: 800px) 100vw, 800px\" \/><\/a><\/p>\n<p style=\"text-align: justify;\">\u00a0<\/p>\n<p style=\"text-align: justify;\">\u00a0<\/p>\n","protected":false},"excerpt":{"rendered":"<p>L\u2019EICMA, le premier grand salon de la moto de l\u2019ann\u00e9e vient d\u2019ouvrir ses portes \u00e0 Milan avec quelques belles nouveaut\u00e9s\u2026 qui se raccrochent d\u00e9sesp\u00e9r\u00e9ment \u00e0 l\u2019histoire de leurs marques respectives\u00a0pour\u00a0na\u00eetre avec, d\u00e9j\u00e0, une image. Le choix de la parent\u00e9 est parfois curieux\u2026 On acc\u00e8de aux historiques complets des mod\u00e8les \u00ab\u00a0d\u2019origine\u00a0\u00bb en cliquant sur les liens [&hellip;]<\/p>\n","protected":false},"author":1,"featured_media":0,"comment_status":"open","ping_status":"closed","sticky":false,"template":"","format":"standard","meta":[],"categories":[2],"tags":[37,51,128,221,222,223,224,225,226,227],"_links":{"self":[{"href":"https:\/\/www.moto-collection.org\/blog\/wp-json\/wp\/v2\/posts\/1484"}],"collection":[{"href":"https:\/\/www.moto-collection.org\/blog\/wp-json\/wp\/v2\/posts"}],"about":[{"href":"https:\/\/www.moto-collection.org\/blog\/wp-json\/wp\/v2\/types\/post"}],"author":[{"embeddable":true,"href":"https:\/\/www.moto-collection.org\/blog\/wp-json\/wp\/v2\/users\/1"}],"replies":[{"embeddable":true,"href":"https:\/\/www.moto-collection.org\/blog\/wp-json\/wp\/v2\/comments?post=1484"}],"version-history":[{"count":0,"href":"https:\/\/www.moto-collection.org\/blog\/wp-json\/wp\/v2\/posts\/1484\/revisions"}],"wp:attachment":[{"href":"https:\/\/www.moto-collection.org\/blog\/wp-json\/wp\/v2\/media?parent=1484"}],"wp:term":[{"taxonomy":"category","embeddable":true,"href":"https:\/\/www.moto-collection.org\/blog\/wp-json\/wp\/v2\/categories?post=1484"},{"taxonomy":"post_tag","embeddable":true,"href":"https:\/\/www.moto-collection.org\/blog\/wp-json\/wp\/v2\/tags?post=1484"}],"curies":[{"name":"wp","href":"https:\/\/api.w.org\/{rel}","templated":true}]}}