{"id":1813,"date":"2016-02-17T09:58:15","date_gmt":"2016-02-17T09:58:15","guid":{"rendered":"http:\/\/www.moto-collection.org\/blog\/?p=1813"},"modified":"2025-01-29T16:31:47","modified_gmt":"2025-01-29T16:31:47","slug":"rene-gillet-en-boheme-et-plein-dautres","status":"publish","type":"post","link":"https:\/\/www.moto-collection.org\/blog\/rene-gillet-en-boheme-et-plein-dautres\/","title":{"rendered":"Ren\u00e9 Gillet en Boh\u00eame et plein d&rsquo;autres\u2026"},"content":{"rendered":"<p>[vc_row][vc_column][vc_column_text]<strong>Les greniers se vident et j&rsquo;ai trouv\u00e9 r\u00e9cemment deux photos intrigantes sur plaques de verre not\u00e9es<a href=\"http:\/\/www.moto-collection.org\/moto-collection\/modeles.php?lamarque=Ren%E9%20Gillet&amp;tri=cylindree\" target=\"_blank\" rel=\"noopener\">\u00a0\u00ab\u00a0Ren\u00e9 Gillet <\/a>au \u00a0Grand Prix de la Sarthe 1906&Prime;\u2026 j&rsquo;aurais du les rendre pour publicit\u00e9 mensong\u00e8re,<\/strong> car si ce sont bien des Ren\u00e9 Gillet il s&rsquo;est av\u00e9r\u00e9 qu&rsquo;elles\u00a0sont ici en Boh\u00eame en plein pr\u00e9paratifs pour le Grand Prix qui s&rsquo;y courre.\u00a0Mes comp\u00e9tences s&rsquo;amenuisant en remontant le temps, j&rsquo;ai confi\u00e9 cette d\u00e9licate enqu\u00eate au sp\u00e9cialiste incontest\u00e9 de la tr\u00e8s ancienne (et pas que!) Jean Bourdache et je vous invite \u00e0 vous r\u00e9galer de ses trouvailles <strong><a href=\"http:\/\/zhumoristenouveau.eklablog.com\/rene-gillet-constructeur-bleu-blanc-rouge-a124861886\" target=\"_blank\" rel=\"noopener\">sur son blog zhumoristenouveau en cliquant ICI.<\/a><\/strong><\/p>\n<p>&nbsp;<\/p>\n<div id=\"attachment_1815\" style=\"width: 810px\" class=\"wp-caption aligncenter\"><a href=\"http:\/\/www.moto-collection.org\/83aHGyq6\/wp-content\/uploads\/Ren\u00e9-Gillet-1000-GP-Boh\u00eame-1906-05.jpg\"><img aria-describedby=\"caption-attachment-1815\" loading=\"lazy\" class=\"size-full wp-image-1815\" src=\"https:\/\/www.moto-collection.org\/83aHGyq6\/wp-content\/uploads\/Ren\u00e9-Gillet-1000-GP-Boh\u00eame-1906-05.jpg\" alt=\"plaques verre\" width=\"800\" height=\"387\" srcset=\"https:\/\/www.moto-collection.org\/83aHGyq6\/wp-content\/uploads\/Ren\u00e9-Gillet-1000-GP-Boh\u00eame-1906-05.jpg 800w, https:\/\/www.moto-collection.org\/83aHGyq6\/wp-content\/uploads\/Ren\u00e9-Gillet-1000-GP-Boh\u00eame-1906-05-150x73.jpg 150w, https:\/\/www.moto-collection.org\/83aHGyq6\/wp-content\/uploads\/Ren\u00e9-Gillet-1000-GP-Boh\u00eame-1906-05-300x145.jpg 300w, https:\/\/www.moto-collection.org\/83aHGyq6\/wp-content\/uploads\/Ren\u00e9-Gillet-1000-GP-Boh\u00eame-1906-05-250x121.jpg 250w\" sizes=\"(max-width: 800px) 100vw, 800px\" \/><\/a><p id=\"caption-attachment-1815\" class=\"wp-caption-text\">S\u00e9ance de m\u00e9canique de l&rsquo;\u00e9curie officielle Ren\u00e9 Gillet au Grand Prix de Boh\u00eame en 1906<\/p><\/div>\n<p><strong>Mis en forme par ces extraordinaires trouvailles, accrochez vos ceintures et plongez dans l&rsquo;univers peupl\u00e9 d&rsquo;\u00e9toiles \u00e0 moteur d&rsquo;Isabelle Braquemont qui a ni plus ni moins mis en ligne sur sa page Facebook dans l&rsquo;album environ 450 photos de 1897 &#8211; au d\u00e9but des ann\u00e9es 20<\/strong> emprunt\u00e9es au fond iconographique Gallica de notre Biblioth\u00e8que nationale. Prenez votre temps il y a, rien que pour les motos 182 photos aussi extraordinaires les unes que les autres et je suis certain que les avions, autogires, camions et automobiles de la m\u00eame p\u00e9riode ne vous d\u00e9plairont pas non plus. Merci \u00e0 l&rsquo;agence Rol et la Gallica et bravo \u00e0 Isabelle pour cette compilation hors du temps.\u00a0<a href=\"https:\/\/www.facebook.com\/isabelle.bracquemond.7\/media_set?set=a.4705775571281.184479.1501025670&amp;type=3&amp;pnref=story\" target=\"_blank\" rel=\"noopener\"><strong>C&rsquo;est\u00a0LA<\/strong>.<\/a>(et ses autres pages valent \u00e9galement le d\u00e9tour).<\/p>\n<div id=\"attachment_1817\" style=\"width: 1342px\" class=\"wp-caption alignleft\"><a href=\"http:\/\/www.moto-collection.org\/83aHGyq6\/wp-content\/uploads\/Ren\u00e9-Gillet-12mai-1912-Freybnac-Circuit-de-LEure.jpg\"><img aria-describedby=\"caption-attachment-1817\" loading=\"lazy\" class=\"size-full wp-image-1817\" src=\"https:\/\/www.moto-collection.org\/83aHGyq6\/wp-content\/uploads\/Ren\u00e9-Gillet-12mai-1912-Freybnac-Circuit-de-LEure.jpg\" alt=\"Reston chez Ren\u00e9 Gillet pour commencer avec ce tandem pilot\u00e9 par Freina au circuit de l'Eure en 1912 (vous voyez qu'on se rapproche de la Sarthe !)\" width=\"1332\" height=\"909\" srcset=\"https:\/\/www.moto-collection.org\/83aHGyq6\/wp-content\/uploads\/Ren\u00e9-Gillet-12mai-1912-Freybnac-Circuit-de-LEure.jpg 1332w, https:\/\/www.moto-collection.org\/83aHGyq6\/wp-content\/uploads\/Ren\u00e9-Gillet-12mai-1912-Freybnac-Circuit-de-LEure-150x102.jpg 150w, https:\/\/www.moto-collection.org\/83aHGyq6\/wp-content\/uploads\/Ren\u00e9-Gillet-12mai-1912-Freybnac-Circuit-de-LEure-300x205.jpg 300w, https:\/\/www.moto-collection.org\/83aHGyq6\/wp-content\/uploads\/Ren\u00e9-Gillet-12mai-1912-Freybnac-Circuit-de-LEure-1024x699.jpg 1024w, https:\/\/www.moto-collection.org\/83aHGyq6\/wp-content\/uploads\/Ren\u00e9-Gillet-12mai-1912-Freybnac-Circuit-de-LEure-250x171.jpg 250w, https:\/\/www.moto-collection.org\/83aHGyq6\/wp-content\/uploads\/Ren\u00e9-Gillet-12mai-1912-Freybnac-Circuit-de-LEure-1000x682.jpg 1000w\" sizes=\"(max-width: 1332px) 100vw, 1332px\" \/><\/a><p id=\"caption-attachment-1817\" class=\"wp-caption-text\">Restons chez Ren\u00e9 Gillet pour commencer avec ce tandem pilot\u00e9 par Freinac au circuit de l&rsquo;Eure en 1912 (vous voyez qu&rsquo;on se rapproche de la Sarthe !)<\/p><\/div>\n<p>[\/vc_column_text][\/vc_column][\/vc_row][vc_row][vc_column][vc_single_image image=\u00a0\u00bb9475&Prime; img_size=\u00a0\u00bbfull\u00a0\u00bb add_caption=\u00a0\u00bbyes\u00a0\u00bb][\/vc_column][\/vc_row]<\/p>\n","protected":false},"excerpt":{"rendered":"<p>[vc_row][vc_column][vc_column_text]Les greniers se vident et j&rsquo;ai trouv\u00e9 r\u00e9cemment deux photos intrigantes sur plaques de verre not\u00e9es\u00a0\u00ab\u00a0Ren\u00e9 Gillet au \u00a0Grand Prix de la Sarthe 1906&Prime;\u2026 j&rsquo;aurais du les rendre pour publicit\u00e9 mensong\u00e8re, car si ce sont bien des Ren\u00e9 Gillet il s&rsquo;est av\u00e9r\u00e9 qu&rsquo;elles\u00a0sont ici en Boh\u00eame en plein pr\u00e9paratifs pour le Grand Prix qui s&rsquo;y [&hellip;]<\/p>\n","protected":false},"author":1,"featured_media":0,"comment_status":"open","ping_status":"closed","sticky":false,"template":"","format":"standard","meta":[],"categories":[2],"tags":[58],"_links":{"self":[{"href":"https:\/\/www.moto-collection.org\/blog\/wp-json\/wp\/v2\/posts\/1813"}],"collection":[{"href":"https:\/\/www.moto-collection.org\/blog\/wp-json\/wp\/v2\/posts"}],"about":[{"href":"https:\/\/www.moto-collection.org\/blog\/wp-json\/wp\/v2\/types\/post"}],"author":[{"embeddable":true,"href":"https:\/\/www.moto-collection.org\/blog\/wp-json\/wp\/v2\/users\/1"}],"replies":[{"embeddable":true,"href":"https:\/\/www.moto-collection.org\/blog\/wp-json\/wp\/v2\/comments?post=1813"}],"version-history":[{"count":0,"href":"https:\/\/www.moto-collection.org\/blog\/wp-json\/wp\/v2\/posts\/1813\/revisions"}],"wp:attachment":[{"href":"https:\/\/www.moto-collection.org\/blog\/wp-json\/wp\/v2\/media?parent=1813"}],"wp:term":[{"taxonomy":"category","embeddable":true,"href":"https:\/\/www.moto-collection.org\/blog\/wp-json\/wp\/v2\/categories?post=1813"},{"taxonomy":"post_tag","embeddable":true,"href":"https:\/\/www.moto-collection.org\/blog\/wp-json\/wp\/v2\/tags?post=1813"}],"curies":[{"name":"wp","href":"https:\/\/api.w.org\/{rel}","templated":true}]}}