{"id":2065,"date":"2016-06-30T15:11:04","date_gmt":"2016-06-30T15:11:04","guid":{"rendered":"http:\/\/www.moto-collection.org\/blog\/?p=2065"},"modified":"2016-06-30T15:11:04","modified_gmt":"2016-06-30T15:11:04","slug":"souvenir-de-guerre","status":"publish","type":"post","link":"https:\/\/www.moto-collection.org\/blog\/souvenir-de-guerre\/","title":{"rendered":"Souvenir de guerre !"},"content":{"rendered":"<p>[vc_row][vc_column width=\u00a0\u00bb1\/2&Prime;][vc_column_text]<a href=\"http:\/\/www.moto-collection.org\/83aHGyq6\/wp-content\/uploads\/Moto-Journal-n\u00b0441jan1980-copie.jpg\"><img loading=\"lazy\" class=\"alignleft size-full wp-image-2066\" src=\"https:\/\/www.moto-collection.org\/83aHGyq6\/wp-content\/uploads\/Moto-Journal-n\u00b0441jan1980-copie.jpg\" alt=\"Moto Journal n\u00b0441jan1980 - copie\" width=\"543\" height=\"732\" srcset=\"https:\/\/www.moto-collection.org\/83aHGyq6\/wp-content\/uploads\/Moto-Journal-n\u00b0441jan1980-copie.jpg 543w, https:\/\/www.moto-collection.org\/83aHGyq6\/wp-content\/uploads\/Moto-Journal-n\u00b0441jan1980-copie-111x150.jpg 111w, https:\/\/www.moto-collection.org\/83aHGyq6\/wp-content\/uploads\/Moto-Journal-n\u00b0441jan1980-copie-223x300.jpg 223w, https:\/\/www.moto-collection.org\/83aHGyq6\/wp-content\/uploads\/Moto-Journal-n\u00b0441jan1980-copie-250x337.jpg 250w\" sizes=\"(max-width: 543px) 100vw, 543px\" \/><\/a>[\/vc_column_text][\/vc_column][vc_column width=\u00a0\u00bb1\/2&Prime;][vc_column_text]<\/p>\n<p>Crise de rire \u00e0 la r\u00e9daction de Moto Journal lors de la r\u00e9alisation du\u00a0N\u00b0441 de janvier 1980 ou le fac\u00e9tieux maquettiste Christian Guy r\u00e9alise cette fausse couverture pour l&rsquo;encart central consacr\u00e9 aux grands moments des ann\u00e9es 70. Il me semble me rappeler que l&rsquo;ennemi jur\u00e9 et concurrent s&rsquo;est f\u00e2ch\u00e9 tout rouge\u2026<\/p>\n<p>[\/vc_column_text][\/vc_column][\/vc_row]<\/p>\n","protected":false},"excerpt":{"rendered":"<p>[vc_row][vc_column width=\u00a0\u00bb1\/2&Prime;][vc_column_text][\/vc_column_text][\/vc_column][vc_column width=\u00a0\u00bb1\/2&Prime;][vc_column_text] Crise de rire \u00e0 la r\u00e9daction de Moto Journal lors de la r\u00e9alisation du\u00a0N\u00b0441 de janvier 1980 ou le fac\u00e9tieux maquettiste Christian Guy r\u00e9alise cette fausse couverture pour l&rsquo;encart central consacr\u00e9 aux grands moments des ann\u00e9es 70. Il me semble me rappeler que l&rsquo;ennemi jur\u00e9 et concurrent s&rsquo;est f\u00e2ch\u00e9 tout rouge\u2026 [\/vc_column_text][\/vc_column][\/vc_row]<\/p>\n","protected":false},"author":1,"featured_media":0,"comment_status":"open","ping_status":"closed","sticky":false,"template":"","format":"standard","meta":[],"categories":[2],"tags":[290,291],"_links":{"self":[{"href":"https:\/\/www.moto-collection.org\/blog\/wp-json\/wp\/v2\/posts\/2065"}],"collection":[{"href":"https:\/\/www.moto-collection.org\/blog\/wp-json\/wp\/v2\/posts"}],"about":[{"href":"https:\/\/www.moto-collection.org\/blog\/wp-json\/wp\/v2\/types\/post"}],"author":[{"embeddable":true,"href":"https:\/\/www.moto-collection.org\/blog\/wp-json\/wp\/v2\/users\/1"}],"replies":[{"embeddable":true,"href":"https:\/\/www.moto-collection.org\/blog\/wp-json\/wp\/v2\/comments?post=2065"}],"version-history":[{"count":0,"href":"https:\/\/www.moto-collection.org\/blog\/wp-json\/wp\/v2\/posts\/2065\/revisions"}],"wp:attachment":[{"href":"https:\/\/www.moto-collection.org\/blog\/wp-json\/wp\/v2\/media?parent=2065"}],"wp:term":[{"taxonomy":"category","embeddable":true,"href":"https:\/\/www.moto-collection.org\/blog\/wp-json\/wp\/v2\/categories?post=2065"},{"taxonomy":"post_tag","embeddable":true,"href":"https:\/\/www.moto-collection.org\/blog\/wp-json\/wp\/v2\/tags?post=2065"}],"curies":[{"name":"wp","href":"https:\/\/api.w.org\/{rel}","templated":true}]}}