{"id":2111,"date":"2016-08-03T14:42:35","date_gmt":"2016-08-03T14:42:35","guid":{"rendered":"http:\/\/www.moto-collection.org\/blog\/?p=2111"},"modified":"2016-08-03T14:42:55","modified_gmt":"2016-08-03T14:42:55","slug":"vacances-davant-en-terrot-175","status":"publish","type":"post","link":"https:\/\/www.moto-collection.org\/blog\/vacances-davant-en-terrot-175\/","title":{"rendered":"Vacances d&rsquo;avant\u2026 en Terrot 175"},"content":{"rendered":"<p>[vc_row][vc_column][vc_single_image image=\u00a0\u00bb2110&Prime; img_size=\u00a0\u00bbfull\u00a0\u00bb add_caption=\u00a0\u00bbyes\u00a0\u00bb][\/vc_column][\/vc_row][vc_row][vc_column width=\u00a0\u00bb1\/2&Prime;][vc_gallery type=\u00a0\u00bbimage_grid\u00a0\u00bb images=\u00a0\u00bb2108,2107,2106,2105,2109&Prime; img_size=\u00a0\u00bbmedium\u00a0\u00bb][\/vc_column][vc_column width=\u00a0\u00bb1\/2&Prime;][vc_column_text]<\/p>\n<p style=\"text-align: justify;\">Pr\u00e9parant ma nouvelle moto pour de nouvelles balades sur les routes et chemins pyr\u00e9n\u00e9ens, je retombe sur les photos de mes premi\u00e8res vacances en moto, justement dans les m\u00eames r\u00e9gions, au guidon de ma <strong><a href=\"http:\/\/www.moto-collection.org\/moto-collection\/modele.php?idfiche=7817\" target=\"_blank\">Terrot 175 Super Tenor <\/a><\/strong>alors flambant neuve (merci, papa\u00a0!). C\u2019\u00e9tait l\u2019\u00e9t\u00e9 1962, ce qui ne me rajeunit pas, mais tenez compte que le permis moto \u00e9tait alors \u00e0 16 ans\u00a0!<\/p>\n<p style=\"text-align: justify;\">J\u2019avais pass\u00e9 la licence 125 en 1961 et pour le permis \u201cA\u201d toutes cylindr\u00e9es, en juin 1962, comme les auto-\u00e9cole de Chinon o\u00f9 se passait l\u2019\u00e9preuve \u00e0 30 kilom\u00e8tres de chez moi, n\u2019avaient qu\u2019une vieille Puch tr\u00e8s tordue, j\u2019avais obtenu une autorisation sp\u00e9ciale de la pr\u00e9fecture pour venir par la route pour passer le permis sur ma moto personnelle\u00a0! Allez donc demander \u00e7a aujourd\u2019hui\u00a0!<\/p>\n<p style=\"text-align: center;\"><span style=\"color: #808080;\"><em>Cliquez sur les images de gauche pour les agrandir et voir leurs l\u00e9gendes<\/em><\/span><\/p>\n<p>[\/vc_column_text][\/vc_column][\/vc_row]<\/p>\n","protected":false},"excerpt":{"rendered":"<p>[vc_row][vc_column][vc_single_image image=\u00a0\u00bb2110&Prime; img_size=\u00a0\u00bbfull\u00a0\u00bb add_caption=\u00a0\u00bbyes\u00a0\u00bb][\/vc_column][\/vc_row][vc_row][vc_column width=\u00a0\u00bb1\/2&Prime;][vc_gallery type=\u00a0\u00bbimage_grid\u00a0\u00bb images=\u00a0\u00bb2108,2107,2106,2105,2109&Prime; img_size=\u00a0\u00bbmedium\u00a0\u00bb][\/vc_column][vc_column width=\u00a0\u00bb1\/2&Prime;][vc_column_text] Pr\u00e9parant ma nouvelle moto pour de nouvelles balades sur les routes et chemins pyr\u00e9n\u00e9ens, je retombe sur les photos de mes premi\u00e8res vacances en moto, justement dans les m\u00eames r\u00e9gions, au guidon de ma Terrot 175 Super Tenor alors flambant neuve (merci, papa\u00a0!). C\u2019\u00e9tait l\u2019\u00e9t\u00e9 1962, [&hellip;]<\/p>\n","protected":false},"author":1,"featured_media":0,"comment_status":"open","ping_status":"closed","sticky":false,"template":"","format":"standard","meta":[],"categories":[2],"tags":[],"_links":{"self":[{"href":"https:\/\/www.moto-collection.org\/blog\/wp-json\/wp\/v2\/posts\/2111"}],"collection":[{"href":"https:\/\/www.moto-collection.org\/blog\/wp-json\/wp\/v2\/posts"}],"about":[{"href":"https:\/\/www.moto-collection.org\/blog\/wp-json\/wp\/v2\/types\/post"}],"author":[{"embeddable":true,"href":"https:\/\/www.moto-collection.org\/blog\/wp-json\/wp\/v2\/users\/1"}],"replies":[{"embeddable":true,"href":"https:\/\/www.moto-collection.org\/blog\/wp-json\/wp\/v2\/comments?post=2111"}],"version-history":[{"count":0,"href":"https:\/\/www.moto-collection.org\/blog\/wp-json\/wp\/v2\/posts\/2111\/revisions"}],"wp:attachment":[{"href":"https:\/\/www.moto-collection.org\/blog\/wp-json\/wp\/v2\/media?parent=2111"}],"wp:term":[{"taxonomy":"category","embeddable":true,"href":"https:\/\/www.moto-collection.org\/blog\/wp-json\/wp\/v2\/categories?post=2111"},{"taxonomy":"post_tag","embeddable":true,"href":"https:\/\/www.moto-collection.org\/blog\/wp-json\/wp\/v2\/tags?post=2111"}],"curies":[{"name":"wp","href":"https:\/\/api.w.org\/{rel}","templated":true}]}}