{"id":3264,"date":"2018-02-19T10:22:52","date_gmt":"2018-02-19T10:22:52","guid":{"rendered":"http:\/\/www.moto-collection.org\/blog\/?p=3264"},"modified":"2018-03-23T16:13:38","modified_gmt":"2018-03-23T16:13:38","slug":"imola-fete-les-70-ans-de-son-gp-de-motocross","status":"publish","type":"post","link":"https:\/\/www.moto-collection.org\/blog\/imola-fete-les-70-ans-de-son-gp-de-motocross\/","title":{"rendered":"Imola f\u00eate les 70 ans de son GP de motocross"},"content":{"rendered":"<p>[vc_row][vc_column][vc_single_image image=\u00a0\u00bb3262&Prime; img_size=\u00a0\u00bbfull\u00a0\u00bb alignment=\u00a0\u00bbcenter\u00a0\u00bb][\/vc_column][\/vc_row][vc_row][vc_column][vc_column_text]<\/p>\n<p style=\"text-align: justify;\">Les <strong>29 et 30 septembre 2018<\/strong> les amateurs de motocross \u00e0 l\u2019ancienne f\u00eateront le 70<sup>e<\/sup> anniversaire du <strong>Grand Prix d\u2019Imola<\/strong> cr\u00e9\u00e9 en 1948, un \u00e9v\u00e9nement \u00e0 ne pas manquer qui r\u00e9unira toutes les vedettes et leurs rares machines des grandes ann\u00e9es du motocross en quatre temps. Voici en avant-go\u00fbt de cette prestigieuse manifestation, la vid\u00e9o de la seconde \u00e9dition de la r\u00e9trospective des championnats du monde et d\u2019Europe en 2012 organis\u00e9e, comme pour 2018, par <strong>Luciano Costa<\/strong>, sp\u00e9cialiste incontest\u00e9 de ce sport en Italie.<\/p>\n<p>https:\/\/youtu.be\/GqsAZNDzGDk[\/vc_column_text][\/vc_column][\/vc_row][vc_row][vc_column][vc_single_image image=\u00a0\u00bb3263&Prime; img_size=\u00a0\u00bbfull\u00a0\u00bb add_caption=\u00a0\u00bbyes\u00a0\u00bb alignment=\u00a0\u00bbcenter\u00a0\u00bb][\/vc_column][\/vc_row][vc_row][vc_column][vc_column_text]<\/p>\n<p><iframe loading=\"lazy\" width=\"680\" height=\"383\" src=\"https:\/\/www.youtube.com\/embed\/9YFe5xFL5-0?feature=oembed\" frameborder=\"0\" allow=\"autoplay; encrypted-media\" allowfullscreen><\/iframe><\/p>\n<p>https:\/\/youtu.be\/9YFe5xFL5-0[\/vc_column_text][\/vc_column][\/vc_row][vc_row][vc_column][vc_column_text]<\/p>\n<p>-news-<\/p>\n<p>[\/vc_column_text][\/vc_column][\/vc_row]<\/p>\n","protected":false},"excerpt":{"rendered":"<p>[vc_row][vc_column][vc_single_image image=\u00a0\u00bb3262&Prime; img_size=\u00a0\u00bbfull\u00a0\u00bb alignment=\u00a0\u00bbcenter\u00a0\u00bb][\/vc_column][\/vc_row][vc_row][vc_column][vc_column_text] Les 29 et 30 septembre 2018 les amateurs de motocross \u00e0 l\u2019ancienne f\u00eateront le 70e anniversaire du Grand Prix d\u2019Imola cr\u00e9\u00e9 en 1948, un \u00e9v\u00e9nement \u00e0 ne pas manquer qui r\u00e9unira toutes les vedettes et leurs rares machines des grandes ann\u00e9es du motocross en quatre temps. Voici en avant-go\u00fbt de cette [&hellip;]<\/p>\n","protected":false},"author":1,"featured_media":3263,"comment_status":"open","ping_status":"closed","sticky":false,"template":"","format":"standard","meta":[],"categories":[12],"tags":[127,440,441],"_links":{"self":[{"href":"https:\/\/www.moto-collection.org\/blog\/wp-json\/wp\/v2\/posts\/3264"}],"collection":[{"href":"https:\/\/www.moto-collection.org\/blog\/wp-json\/wp\/v2\/posts"}],"about":[{"href":"https:\/\/www.moto-collection.org\/blog\/wp-json\/wp\/v2\/types\/post"}],"author":[{"embeddable":true,"href":"https:\/\/www.moto-collection.org\/blog\/wp-json\/wp\/v2\/users\/1"}],"replies":[{"embeddable":true,"href":"https:\/\/www.moto-collection.org\/blog\/wp-json\/wp\/v2\/comments?post=3264"}],"version-history":[{"count":0,"href":"https:\/\/www.moto-collection.org\/blog\/wp-json\/wp\/v2\/posts\/3264\/revisions"}],"wp:featuredmedia":[{"embeddable":true,"href":"https:\/\/www.moto-collection.org\/blog\/wp-json\/wp\/v2\/media\/3263"}],"wp:attachment":[{"href":"https:\/\/www.moto-collection.org\/blog\/wp-json\/wp\/v2\/media?parent=3264"}],"wp:term":[{"taxonomy":"category","embeddable":true,"href":"https:\/\/www.moto-collection.org\/blog\/wp-json\/wp\/v2\/categories?post=3264"},{"taxonomy":"post_tag","embeddable":true,"href":"https:\/\/www.moto-collection.org\/blog\/wp-json\/wp\/v2\/tags?post=3264"}],"curies":[{"name":"wp","href":"https:\/\/api.w.org\/{rel}","templated":true}]}}