{"id":3820,"date":"2019-01-17T17:48:53","date_gmt":"2019-01-17T17:48:53","guid":{"rendered":"https:\/\/www.moto-collection.org\/blog\/?p=3820"},"modified":"2019-01-17T21:50:32","modified_gmt":"2019-01-17T21:50:32","slug":"retromobile-100-ans-de-gnome-rhone-a-safran","status":"publish","type":"post","link":"https:\/\/www.moto-collection.org\/blog\/retromobile-100-ans-de-gnome-rhone-a-safran\/","title":{"rendered":"R\u00e9tromobile : 100 ans de Gnome &#038; Rh\u00f4ne \u00e0 Safran"},"content":{"rendered":"<p>[vc_row][vc_column width=\u00a0\u00bb1\/2&Prime;][vc_column_text]<\/p>\n<p style=\"text-align: justify;\"><span style=\"font-size: 16px;\"><strong>Gr\u00e2ce \u00e0 <a href=\"http:\/\/www.moto-collection.org\" target=\"_blank\" rel=\"noopener\">Moto-collection.org<\/a> et l\u2019<a href=\"https:\/\/www.amicalegnomerhone.net\" target=\"_blank\" rel=\"noopener\">Amicale des Motos Gnome &amp; Rh\u00f4ne<\/a>, la moto revient en force \u00e0 R\u00e9tromobile cette ann\u00e9e pour f\u00eater les 100 ans de la premi\u00e8re moto de la marque, l\u2019ABC de 1919, et toute l\u2019histoire de Gnome &amp; Rh\u00f4ne \u00e0 <a href=\"https:\/\/www.safran-group.com\/fr\" target=\"_blank\" rel=\"noopener\">Safran<\/a>.<\/strong><\/span><\/p>\n<p style=\"text-align: justify;\">Parisiens entre le 6 et le 10 janvier\u00a0? Venez donc nous rendre visite entre les halls\u00a02 et 3 du salon R\u00e9tromobile \u00e0 la porte de Versailles. Nous vous y avons concoct\u00e9 un panorama de toute l\u2019histoire des motos Gnome &amp; Rh\u00f4ne de 1919 \u00e0 1960 et de l\u2019\u00e9volution de la marque de ses d\u00e9buts en a\u00e9ronautique avec les moteurs rotatifs Gnome et Le Rh\u00f4ne jusqu\u2019aux propulseurs des fus\u00e9es Ariane. Gnome &amp; Rh\u00f4ne, n\u2019a en effet jamais cess\u00e9 ses activit\u00e9s de motoriste a\u00e9ronautique. Nationalis\u00e9e en 1945 la marque devient SNECMA puis groupe SNECMA avant de s\u2019int\u00e9grer au groupe Safran qui motorise aujourd\u2019hui non seulement les fus\u00e9es Ariane, mais aussi le Rafale, et des Boeing, des Airbus, des h\u00e9licopt\u00e8res, etc.<\/p>\n<p>[\/vc_column_text][\/vc_column][vc_column width=\u00a0\u00bb1\/2&Prime;][vc_single_image image=\u00a0\u00bb3866&Prime; img_size=\u00a0\u00bbfull\u00a0\u00bb alignment=\u00a0\u00bbright\u00a0\u00bb][vc_column_text]<\/p>\n<p style=\"text-align: center;\">T\u00e9l\u00e9chargez le communiqu\u00e9 de presse de <a href=\"http:\/\/www.moto-collection.org\/83aHGyq6\/wp-content\/uploads\/CP-R\u00c9TROMOBILE-2019-GNOME-RH\u00d4NE.pdf\">R\u00c9TROMOBILE 2019 &#8211; GNOME &amp; RH\u00d4NE en fran\u00e7ais et en anglais.<\/a><\/p>\n<p>[\/vc_column_text][\/vc_column][\/vc_row][vc_row][vc_column][vc_gallery interval=\u00a0\u00bb0&Prime; images=\u00a0\u00bb3870,3871,3872,3873,3874,3875,3876,3877,3879,3880,3881,3882,3885,3886,3888,3890,3891,3892,3893,3894,3895,3897,3898&Prime; img_size=\u00a0\u00bbfull\u00a0\u00bb onclick=\u00a0\u00bb\u00a0\u00bb][\/vc_column][vc_column][vc_column_text]<\/p>\n<p style=\"text-align: center;\">Quelques photos d\u2019\u00e9poque, en attendant de d\u00e9couvrir \u00e0 R\u00e9tromobile les vrais v\u00e9hicules qui ont \u00e9crit ces pages d\u2019histoire.<\/p>\n<p style=\"text-align: center;\"><em>Archives F-M Dumas\/moto-collection.org, Amicale des motos Gnome &amp; Rh\u00f4ne, Mus\u00e9e Safran, Daniel David.<\/em><\/p>\n<p>[\/vc_column_text][\/vc_column][\/vc_row][vc_row][vc_column width=\u00a0\u00bb1\/2&Prime;][vc_column_text]<\/p>\n<p style=\"text-align: justify;\">L\u2019exposition mise sur pied avec l\u2019aide du <strong><a href=\"https:\/\/www.museesafran.com\" target=\"_blank\" rel=\"noopener\">mus\u00e9e Safran de Villaroche<\/a><\/strong> et des services techniques de R\u00e9tromobile regroupe une bonne vingtaine de motos entour\u00e9es par des moteurs en \u00e9toile Gnome et Le Rh\u00f4ne et pour finir en beaut\u00e9 le propulseur du dernier \u00e9tage des fus\u00e9es Ariane. On y verra aussi le Biscooter, ce curieux quadricycle con\u00e7u en 1950 par le grand Gabriel Voisin et motoris\u00e9 par un 125\u00a0cm3 Gnome &amp; Rh\u00f4ne. \u00c0 l\u2019\u00e9tage en dessous, sur le stand de la <strong>FFVE<\/strong>, vous pourrez aussi d\u00e9tailler la <strong>Messier de 1929<\/strong>, une somptueuse automobile \u00e0 moteur Lycoming 8 cylindres de 4 litres de cylindr\u00e9e, qui fut la premi\u00e8re auto \u00e0 suspensions ol\u00e9opneumatiques sans ressort. Messier, surtout connu pour ses trains d\u2019atterrissage, fait aujourd\u2019hui partie du groupe Safran, tout comme Bugatti.<\/p>\n<p>[\/vc_column_text][\/vc_column][vc_column width=\u00a0\u00bb1\/2&Prime;][vc_single_image image=\u00a0\u00bb3896&Prime; img_size=\u00a0\u00bblarge\u00a0\u00bb add_caption=\u00a0\u00bbyes\u00a0\u00bb][\/vc_column][\/vc_row]<\/p>\n","protected":false},"excerpt":{"rendered":"<p>[vc_row][vc_column width=\u00a0\u00bb1\/2&Prime;][vc_column_text] Gr\u00e2ce \u00e0 Moto-collection.org et l\u2019Amicale des Motos Gnome &amp; Rh\u00f4ne, la moto revient en force \u00e0 R\u00e9tromobile cette ann\u00e9e pour f\u00eater les 100 ans de la premi\u00e8re moto de la marque, l\u2019ABC de 1919, et toute l\u2019histoire de Gnome &amp; Rh\u00f4ne \u00e0 Safran. Parisiens entre le 6 et le 10 janvier\u00a0? Venez donc [&hellip;]<\/p>\n","protected":false},"author":1,"featured_media":3881,"comment_status":"open","ping_status":"closed","sticky":false,"template":"","format":"standard","meta":[],"categories":[12,2],"tags":[106,108,504,505],"_links":{"self":[{"href":"https:\/\/www.moto-collection.org\/blog\/wp-json\/wp\/v2\/posts\/3820"}],"collection":[{"href":"https:\/\/www.moto-collection.org\/blog\/wp-json\/wp\/v2\/posts"}],"about":[{"href":"https:\/\/www.moto-collection.org\/blog\/wp-json\/wp\/v2\/types\/post"}],"author":[{"embeddable":true,"href":"https:\/\/www.moto-collection.org\/blog\/wp-json\/wp\/v2\/users\/1"}],"replies":[{"embeddable":true,"href":"https:\/\/www.moto-collection.org\/blog\/wp-json\/wp\/v2\/comments?post=3820"}],"version-history":[{"count":0,"href":"https:\/\/www.moto-collection.org\/blog\/wp-json\/wp\/v2\/posts\/3820\/revisions"}],"wp:featuredmedia":[{"embeddable":true,"href":"https:\/\/www.moto-collection.org\/blog\/wp-json\/wp\/v2\/media\/3881"}],"wp:attachment":[{"href":"https:\/\/www.moto-collection.org\/blog\/wp-json\/wp\/v2\/media?parent=3820"}],"wp:term":[{"taxonomy":"category","embeddable":true,"href":"https:\/\/www.moto-collection.org\/blog\/wp-json\/wp\/v2\/categories?post=3820"},{"taxonomy":"post_tag","embeddable":true,"href":"https:\/\/www.moto-collection.org\/blog\/wp-json\/wp\/v2\/tags?post=3820"}],"curies":[{"name":"wp","href":"https:\/\/api.w.org\/{rel}","templated":true}]}}