{"id":385,"date":"2015-04-10T15:42:14","date_gmt":"2015-04-10T15:42:14","guid":{"rendered":"http:\/\/www.moto-collection.org\/blog\/?p=385"},"modified":"2015-04-10T15:52:22","modified_gmt":"2015-04-10T15:52:22","slug":"plein-phare-sur-la-peugeot-350-p105-de-1927","status":"publish","type":"post","link":"https:\/\/www.moto-collection.org\/blog\/plein-phare-sur-la-peugeot-350-p105-de-1927\/","title":{"rendered":"Plein phare sur la Peugeot 350 P105 de 1927"},"content":{"rendered":"<p style=\"text-align: justify;\"><strong>Pr\u00e9sent\u00e9e au salon de Paris d\u2019octobre 1927 la Peugeot P105, moderne 350 \u00e0 soupapes culbut\u00e9es et bloc moteur, inaugure aussi l\u2019\u00e8re de l\u2019\u00e9clairage m\u00eame si celui-ci n\u2019est encore propos\u00e9 qu\u2019en option.<\/strong><\/p>\n<p style=\"text-align: justify;\">Il s\u2019agit sur ces photos du premier mod\u00e8le avec le r\u00e9glage d&rsquo;huile du palier gauche sur le carter et les vitesses par \u00ab\u00a0grand levier\u00a0\u00bb replac\u00e9 par la suite par un renvoi et un petit levier de s\u00e9lection fix\u00e9 sur le r\u00e9servoir.(<a href=\"http:\/\/www.moto-collection.org\/moto-collection\/modele.php?idfiche=419\">voir la\u00a0P105 DT 1933<\/a>)<\/p>\n<div id=\"attachment_386\" style=\"width: 761px\" class=\"wp-caption aligncenter\"><a href=\"http:\/\/www.moto-collection.org\/83aHGyq6\/wp-content\/uploads\/Peugeot-350-P105-salon-1927-051.jpg\"><img aria-describedby=\"caption-attachment-386\" loading=\"lazy\" class=\"size-full wp-image-386\" src=\"https:\/\/www.moto-collection.org\/83aHGyq6\/wp-content\/uploads\/Peugeot-350-P105-salon-1927-051.jpg\" alt=\"Peugeot 350 P105 Salon 1927\" width=\"751\" height=\"520\" srcset=\"https:\/\/www.moto-collection.org\/83aHGyq6\/wp-content\/uploads\/Peugeot-350-P105-salon-1927-051.jpg 751w, https:\/\/www.moto-collection.org\/83aHGyq6\/wp-content\/uploads\/Peugeot-350-P105-salon-1927-051-150x104.jpg 150w, https:\/\/www.moto-collection.org\/83aHGyq6\/wp-content\/uploads\/Peugeot-350-P105-salon-1927-051-300x208.jpg 300w, https:\/\/www.moto-collection.org\/83aHGyq6\/wp-content\/uploads\/Peugeot-350-P105-salon-1927-051-250x173.jpg 250w\" sizes=\"(max-width: 751px) 100vw, 751px\" \/><\/a><p id=\"caption-attachment-386\" class=\"wp-caption-text\">Veille d&rsquo;ouverture du salon sous la coupole du Grand Palais en octobre 1927. Le bouchonnage des freins et carters ne sera pas repris sur la s\u00e9rie.<\/p><\/div>\n<p>Ce mod\u00e8le du salon 1927, n\u2019a pas encore re\u00e7u les logos Peugeot, car il doit justement servir de mod\u00e8le pour les publicit\u00e9s Marchal qui expose ici tout son savoir-faire \u00e9lectrique\u00a0: phare, tableau de commande sur le r\u00e9servoir.<\/p>\n<div id=\"attachment_387\" style=\"width: 810px\" class=\"wp-caption aligncenter\"><a href=\"http:\/\/www.moto-collection.org\/83aHGyq6\/wp-content\/uploads\/Peugeot-350-P105-1928-P.P\u00e9an-2.jpg\"><img aria-describedby=\"caption-attachment-387\" loading=\"lazy\" class=\"size-full wp-image-387\" src=\"https:\/\/www.moto-collection.org\/83aHGyq6\/wp-content\/uploads\/Peugeot-350-P105-1928-P.P\u00e9an-2.jpg\" alt=\"Paul P\u00e9an, le pilote vedette maison pose sur la P 105 pour une publicit\u00e9 Marchal en janvier 1928.\" width=\"800\" height=\"1104\" srcset=\"https:\/\/www.moto-collection.org\/83aHGyq6\/wp-content\/uploads\/Peugeot-350-P105-1928-P.P\u00e9an-2.jpg 800w, https:\/\/www.moto-collection.org\/83aHGyq6\/wp-content\/uploads\/Peugeot-350-P105-1928-P.P\u00e9an-2-109x150.jpg 109w, https:\/\/www.moto-collection.org\/83aHGyq6\/wp-content\/uploads\/Peugeot-350-P105-1928-P.P\u00e9an-2-217x300.jpg 217w, https:\/\/www.moto-collection.org\/83aHGyq6\/wp-content\/uploads\/Peugeot-350-P105-1928-P.P\u00e9an-2-742x1024.jpg 742w, https:\/\/www.moto-collection.org\/83aHGyq6\/wp-content\/uploads\/Peugeot-350-P105-1928-P.P\u00e9an-2-250x345.jpg 250w\" sizes=\"(max-width: 800px) 100vw, 800px\" \/><\/a><p id=\"caption-attachment-387\" class=\"wp-caption-text\">Paul P\u00e9an, le pilote vedette maison pose sur la P 105 pour une publicit\u00e9 Marchal en janvier 1928.<\/p><\/div> <div id=\"attachment_389\" style=\"width: 810px\" class=\"wp-caption aligncenter\"><a href=\"http:\/\/www.moto-collection.org\/83aHGyq6\/wp-content\/uploads\/MicklaP105-002.jpeg\"><img aria-describedby=\"caption-attachment-389\" loading=\"lazy\" class=\"size-full wp-image-389\" src=\"https:\/\/www.moto-collection.org\/83aHGyq6\/wp-content\/uploads\/MicklaP105-002.jpeg\" alt=\"Photos d\u2019usine du moteur dans sa toute premi\u00e8re version avec un levier de vitesses direct \u00e0 droite et un r\u00e9glage du d\u00e9bit d\u2019huile sur le carter gauche. La P105 inspira m\u00eame un livre pour la jeunesse par M-A. Baudouy. L\u2019auteur avait vraiment le moral car la lourde P 105 n\u2019\u00e9tait pas sp\u00e9cialement destin\u00e9e au motocross. \" width=\"800\" height=\"910\" srcset=\"https:\/\/www.moto-collection.org\/83aHGyq6\/wp-content\/uploads\/MicklaP105-002.jpeg 800w, https:\/\/www.moto-collection.org\/83aHGyq6\/wp-content\/uploads\/MicklaP105-002-132x150.jpeg 132w, https:\/\/www.moto-collection.org\/83aHGyq6\/wp-content\/uploads\/MicklaP105-002-264x300.jpeg 264w, https:\/\/www.moto-collection.org\/83aHGyq6\/wp-content\/uploads\/MicklaP105-002-250x284.jpeg 250w\" sizes=\"(max-width: 800px) 100vw, 800px\" \/><\/a><p id=\"caption-attachment-389\" class=\"wp-caption-text\">Photos d\u2019usine du moteur dans sa toute premi\u00e8re version avec un levier de vitesses direct \u00e0 droite et un r\u00e9glage du d\u00e9bit d\u2019huile sur le carter gauche.<br \/>La P105 inspira m\u00eame un livre pour la jeunesse par M-A. Baudouy. L\u2019auteur avait vraiment le moral car la lourde P 105 n\u2019\u00e9tait pas sp\u00e9cialement destin\u00e9e au motocross.<\/p><\/div>\n<p><a href=\"http:\/\/www.moto-collection.org\/83aHGyq6\/wp-content\/uploads\/Peugeot-350-P105-1933-20.jpg\"><img loading=\"lazy\" class=\"wp-image-382 size-thumbnail alignleft\" src=\"https:\/\/www.moto-collection.org\/83aHGyq6\/wp-content\/uploads\/Peugeot-350-P105-1933-20-87x150.jpg\" alt=\"Quelle est la moto ?\" width=\"87\" height=\"150\" srcset=\"https:\/\/www.moto-collection.org\/83aHGyq6\/wp-content\/uploads\/Peugeot-350-P105-1933-20-87x150.jpg 87w, https:\/\/www.moto-collection.org\/83aHGyq6\/wp-content\/uploads\/Peugeot-350-P105-1933-20-174x300.jpg 174w, https:\/\/www.moto-collection.org\/83aHGyq6\/wp-content\/uploads\/Peugeot-350-P105-1933-20-203x350.jpg 203w, https:\/\/www.moto-collection.org\/83aHGyq6\/wp-content\/uploads\/Peugeot-350-P105-1933-20.jpg 465w\" sizes=\"(max-width: 87px) 100vw, 87px\" \/><\/a><\/p>\n<p style=\"text-align: justify;\"><a href=\"http:\/\/www.moto-collection.org\/blog\/2015\/04\/quizz\/\">Les r\u00e9ponses du quizz\u00a0:<\/a>\u00a0bien avant les multiples artifices permis par Photoshop et ses copains, les trucages et d\u00e9tourages \u00e9taient aussi de r\u00e8gle et celui-ci est particuli\u00e8rement malin. La photo, destin\u00e9e \u00e0 une publicit\u00e9 pour Marchal est celle d\u2019une Peugeot 305 P105 qui a \u00e9t\u00e9 retourn\u00e9e, soit pour qu\u2019on ne reconnaisse pas trop la marque, soit parce que le publicitaire voulait une photo qui regarde \u00e0 droite. R\u00e9sultat des courses, le pilote est gaucher, sa ceinture se boucle du mauvais c\u00f4t\u00e9, et la moto, m\u00e9connaissable, n\u2019a bizarrement pas de levier de changement de vitesses, mais le d\u00e9tail qui tue est le num\u00e9ro d\u2019immatriculation que le retoucheur a soigneusement peint au pinceau et \u00e0 l\u2019endroit.<\/p>\n","protected":false},"excerpt":{"rendered":"<p>Pr\u00e9sent\u00e9e au salon de Paris d\u2019octobre 1927 la Peugeot P105, moderne 350 \u00e0 soupapes culbut\u00e9es et bloc moteur, inaugure aussi l\u2019\u00e8re de l\u2019\u00e9clairage m\u00eame si celui-ci n\u2019est encore propos\u00e9 qu\u2019en option. Il s\u2019agit sur ces photos du premier mod\u00e8le avec le r\u00e9glage d&rsquo;huile du palier gauche sur le carter et les vitesses par \u00ab\u00a0grand levier\u00a0\u00bb [&hellip;]<\/p>\n","protected":false},"author":1,"featured_media":0,"comment_status":"open","ping_status":"closed","sticky":false,"template":"","format":"standard","meta":[],"categories":[12],"tags":[37,50,74,75],"_links":{"self":[{"href":"https:\/\/www.moto-collection.org\/blog\/wp-json\/wp\/v2\/posts\/385"}],"collection":[{"href":"https:\/\/www.moto-collection.org\/blog\/wp-json\/wp\/v2\/posts"}],"about":[{"href":"https:\/\/www.moto-collection.org\/blog\/wp-json\/wp\/v2\/types\/post"}],"author":[{"embeddable":true,"href":"https:\/\/www.moto-collection.org\/blog\/wp-json\/wp\/v2\/users\/1"}],"replies":[{"embeddable":true,"href":"https:\/\/www.moto-collection.org\/blog\/wp-json\/wp\/v2\/comments?post=385"}],"version-history":[{"count":0,"href":"https:\/\/www.moto-collection.org\/blog\/wp-json\/wp\/v2\/posts\/385\/revisions"}],"wp:attachment":[{"href":"https:\/\/www.moto-collection.org\/blog\/wp-json\/wp\/v2\/media?parent=385"}],"wp:term":[{"taxonomy":"category","embeddable":true,"href":"https:\/\/www.moto-collection.org\/blog\/wp-json\/wp\/v2\/categories?post=385"},{"taxonomy":"post_tag","embeddable":true,"href":"https:\/\/www.moto-collection.org\/blog\/wp-json\/wp\/v2\/tags?post=385"}],"curies":[{"name":"wp","href":"https:\/\/api.w.org\/{rel}","templated":true}]}}