{"id":6917,"date":"2022-04-07T14:36:01","date_gmt":"2022-04-07T14:36:01","guid":{"rendered":"https:\/\/www.moto-collection.org\/blog\/?p=6917"},"modified":"2022-04-07T14:36:01","modified_gmt":"2022-04-07T14:36:01","slug":"amc-les-aventures-des-moteurs-clermontois","status":"publish","type":"post","link":"https:\/\/www.moto-collection.org\/blog\/amc-les-aventures-des-moteurs-clermontois\/","title":{"rendered":"AMC : Les aventures des moteurs clermontois"},"content":{"rendered":"<p>[vc_row][vc_column][vc_column_text]<\/p>\n<p style=\"font-weight: 400; text-align: justify;\"><strong>De livre en livre, l&rsquo;histoire de la moto fran\u00e7aise, trop longtemps peu document\u00e9e, va finir par avoir un\u00a0catalogue\u00a0presque complet<\/strong>. Une nouvelle \u00e9tape vient d&rsquo;\u00eatre franchie, et de belle mani\u00e8re, avec \u00ab\u00a0Les aventures de moteurs Clermontois\u00a0\u00bb, un bel ouvrage qui vous livre en d\u00e9tails et en images toute l&rsquo;histoire des moteurs AMC qui furent les principales motorisations en quatre temps des motos fran\u00e7aises des ann\u00e9es 50, si pris\u00e9es aujourd&rsquo;hui en collection.<\/p>\n<p style=\"font-weight: 400; text-align: justify;\">AGF, Alcyon, Automoto, DS Malterre, Favor, Follis, Guiller, Liberia, Monet Goyon, New Map, Scootavia, Syphax\u2026 46 marques en France et 8 en Italie, Espagne et Grande-Bretagne ont \u00e9t\u00e9 motoris\u00e9es par les Ateliers de M\u00e9canique du Centre cr\u00e9\u00e9s \u00e0 Clermont-Ferrand par les fr\u00e8res Henri et Louis Chartoire suivi par son fils Gilbert. Un tel succ\u00e8s m\u00e9ritait bien d&rsquo;\u00eatre cont\u00e9.<\/p>\n<p>[\/vc_column_text][vc_column_text css=\u00a0\u00bb.vc_custom_1649342051326{margin-top: 8px !important;margin-right: 8px !important;margin-bottom: 8px !important;margin-left: 8px !important;border-top-width: 8px !important;border-right-width: 8px !important;border-bottom-width: 8px !important;border-left-width: 8px !important;padding-top: 8px !important;padding-right: 8px !important;padding-bottom: 8px !important;padding-left: 8px !important;background-color: #97abbf !important;border-left-color: #0bb7dd !important;border-left-style: solid !important;border-right-color: #0bb7dd !important;border-right-style: solid !important;border-top-color: #0bb7dd !important;border-top-style: solid !important;border-bottom-color: #0bb7dd !important;border-bottom-style: solid !important;}\u00a0\u00bb]<\/p>\n<p style=\"font-weight: 400;\"><strong>Les aventures des moteurs clermontois<\/strong> par Jean Malleret et Serge Basset<\/p>\n<p style=\"font-weight: 400;\">Livre reli\u00e9 cousu \u00e0 couverture rigide, 150 pages, 235 illustrations en noir et blanc et en couleurs, format carr\u00e9 24,5 x 24,5 cm \u2013 39 \u20ac ttc &#8211;\u00a0\u00a0Editions Val d&rsquo;Allier \u2013 ISBN978-2-36348-018-7<\/p>\n<p style=\"font-weight: 400;\">A commander en librairie, chez l&rsquo;\u00e9diteur, 33 rue du docteur Dumas \u00e0 Thiers 63300 (06 69 95 72 74 -04 73 94 79 31) ou chez l&rsquo;un des auteurs : jean.malleret@laposte.net<\/p>\n<p>[\/vc_column_text][vc_single_image image=\u00a0\u00bb6913&Prime; img_size=\u00a0\u00bbfull\u00a0\u00bb alignment=\u00a0\u00bbcenter\u00a0\u00bb][vc_single_image image=\u00a0\u00bb6918&Prime; img_size=\u00a0\u00bbfull\u00a0\u00bb add_caption=\u00a0\u00bbyes\u00a0\u00bb alignment=\u00a0\u00bbcenter\u00a0\u00bb][vc_single_image image=\u00a0\u00bb6915&Prime; img_size=\u00a0\u00bbfull\u00a0\u00bb add_caption=\u00a0\u00bbyes\u00a0\u00bb alignment=\u00a0\u00bbcenter\u00a0\u00bb][vc_single_image image=\u00a0\u00bb6914&Prime; img_size=\u00a0\u00bbfull\u00a0\u00bb add_caption=\u00a0\u00bbyes\u00a0\u00bb alignment=\u00a0\u00bbcenter\u00a0\u00bb][vc_single_image image=\u00a0\u00bb6916&Prime; img_size=\u00a0\u00bbfull\u00a0\u00bb add_caption=\u00a0\u00bbyes\u00a0\u00bb alignment=\u00a0\u00bbcenter\u00a0\u00bb][\/vc_column][\/vc_row][vc_row][vc_column][vc_column_text]<\/p>\n<p style=\"font-weight: 400; text-align: justify;\"><strong>Un mot sur les auteurs tout aussi clermontois que les motos dont ils nous parlent<\/strong><\/p>\n<p style=\"font-weight: 400; text-align: justify;\">Jean Malleret, professeur d&rsquo;histoire-g\u00e9ographie en retraite, d\u00e9j\u00e0 connu des collectionneurs pour son petit livre sur les motos Favor et Serge Basset, chef de projet dans l&rsquo;industrie, se rencontrent \u00e0 la fin des ann\u00e9es 70. Ils font connaissance lors d&rsquo;une manifestation de motos anciennes ; le premier roule alors en 125 Gima, le second vient de r\u00e9cup\u00e9rer un moteur 250 AMC. L&rsquo;un comme l&rsquo;autre veut en savoir plus sur l&rsquo;histoire de ces m\u00e9caniques.<\/p>\n<p style=\"font-weight: 400; text-align: justify;\">De recherches en trouvailles, de brocantes en bourses d&rsquo;\u00e9changes, ils accumulent une abondante documentation et rencontrent nombre des acteurs de cette aventure. C&rsquo;est ainsi qu&rsquo;au d\u00e9but des ann\u00e9es 80, Serge Basset fit connaissance d&rsquo;Henri Chartoire \u00e0 l&rsquo;occasion d&rsquo;une \u00e9mission de t\u00e9l\u00e9vision o\u00f9 son 250 AMC sert de d\u00e9cor. Apr\u00e8s plusieurs articles pour la revue associative \u00ab\u00a0\u2009Le Motocyclettiste\u2009\u00a0\u00bb et une longue p\u00e9riode de maturation, nos comp\u00e8res se lancent enfin dans la r\u00e9daction de cet ouvrage.<\/p>\n<p>[\/vc_column_text][\/vc_column][\/vc_row]<\/p>\n","protected":false},"excerpt":{"rendered":"<p>[vc_row][vc_column][vc_column_text] De livre en livre, l&rsquo;histoire de la moto fran\u00e7aise, trop longtemps peu document\u00e9e, va finir par avoir un\u00a0catalogue\u00a0presque complet. Une nouvelle \u00e9tape vient d&rsquo;\u00eatre franchie, et de belle mani\u00e8re, avec \u00ab\u00a0Les aventures de moteurs Clermontois\u00a0\u00bb, un bel ouvrage qui vous livre en d\u00e9tails et en images toute l&rsquo;histoire des moteurs AMC qui furent les [&hellip;]<\/p>\n","protected":false},"author":1,"featured_media":6913,"comment_status":"open","ping_status":"open","sticky":false,"template":"","format":"standard","meta":[],"categories":[12],"tags":[358,676],"_links":{"self":[{"href":"https:\/\/www.moto-collection.org\/blog\/wp-json\/wp\/v2\/posts\/6917"}],"collection":[{"href":"https:\/\/www.moto-collection.org\/blog\/wp-json\/wp\/v2\/posts"}],"about":[{"href":"https:\/\/www.moto-collection.org\/blog\/wp-json\/wp\/v2\/types\/post"}],"author":[{"embeddable":true,"href":"https:\/\/www.moto-collection.org\/blog\/wp-json\/wp\/v2\/users\/1"}],"replies":[{"embeddable":true,"href":"https:\/\/www.moto-collection.org\/blog\/wp-json\/wp\/v2\/comments?post=6917"}],"version-history":[{"count":0,"href":"https:\/\/www.moto-collection.org\/blog\/wp-json\/wp\/v2\/posts\/6917\/revisions"}],"wp:featuredmedia":[{"embeddable":true,"href":"https:\/\/www.moto-collection.org\/blog\/wp-json\/wp\/v2\/media\/6913"}],"wp:attachment":[{"href":"https:\/\/www.moto-collection.org\/blog\/wp-json\/wp\/v2\/media?parent=6917"}],"wp:term":[{"taxonomy":"category","embeddable":true,"href":"https:\/\/www.moto-collection.org\/blog\/wp-json\/wp\/v2\/categories?post=6917"},{"taxonomy":"post_tag","embeddable":true,"href":"https:\/\/www.moto-collection.org\/blog\/wp-json\/wp\/v2\/tags?post=6917"}],"curies":[{"name":"wp","href":"https:\/\/api.w.org\/{rel}","templated":true}]}}