{"id":7601,"date":"2022-11-20T23:10:54","date_gmt":"2022-11-20T23:10:54","guid":{"rendered":"https:\/\/www.moto-collection.org\/blog\/?p=7601"},"modified":"2022-11-21T07:36:11","modified_gmt":"2022-11-21T07:36:11","slug":"salon-moto-legende-2022-hidalgo-lache-ses-chiens","status":"publish","type":"post","link":"https:\/\/www.moto-collection.org\/blog\/salon-moto-legende-2022-hidalgo-lache-ses-chiens\/","title":{"rendered":"Salon Moto L\u00e9gende 2022: Hidalgo l\u00e2che ses chiens"},"content":{"rendered":"<p>[vc_row][vc_column][vc_column_text]<\/p>\n<p style=\"font-weight: 400; text-align: justify;\"><strong>Oui, cela me fait bizarre sur ce blog qui n&rsquo;effleure jamais la politique, de titrer ainsi, mais je suis scandalis\u00e9 au plus haut point par le harc\u00e8lement organis\u00e9 dont ont \u00e9t\u00e9 victimes les visiteurs du salon Moto L\u00e9gende au parc Floral ce week-end. Inadmissible et honteux \u00e0 tel point qu&rsquo;on se demande si, dans de telles conditions, le salon Moto L\u00e9gende, comme d&rsquo;ailleurs les autres manifestations au Parc Floral auront de nouveau lieu.<\/strong><\/p>\n<p>[\/vc_column_text][\/vc_column][\/vc_row][vc_row][vc_column][vc_video link=\u00a0\u00bb https:\/\/youtu.be\/3DTQGWPw7mo\u00a0\u00bb align=\u00a0\u00bbcenter\u00a0\u00bb][\/vc_column][\/vc_row][vc_row][vc_column][vc_column_text]<\/p>\n<p style=\"font-weight: 400; text-align: justify;\">Pas de motos cette ann\u00e9e sur le large trottoir devant le Parc Floral car, d\u00e8s 9 heures, la soci\u00e9t\u00e9 d&rsquo;enl\u00e8vement est l\u00e0 avec ses Toyota et leurs attelages pour enlever les deux-roues. Nombre d&rsquo;entre eux ont \u00e9t\u00e9 verbalis\u00e9s, et d&rsquo;autres \u00e9taient charg\u00e9s sur les remorques pr\u00eates \u00e0 aller \u00e0 la fourri\u00e8re, jusqu&rsquo;\u00e0 ce que la FFMC intervienne, s&rsquo;aper\u00e7oive que la remorque pr\u00e9vue pour 1500 kg n\u00e9cessite donc un permis sp\u00e9cifique et que le conducteur ne l&rsquo;a pas. Appel de la police, constat d&rsquo;huissier et, mille fois merci FFMC, la remorque est d\u00e9charg\u00e9e.<\/p>\n<p>[\/vc_column_text][\/vc_column][\/vc_row][vc_row][vc_column width=\u00a0\u00bb2\/3&Prime;][vc_column_text css=\u00a0\u00bb.vc_custom_1668985401526{margin-top: 6px !important;margin-right: 6px !important;margin-bottom: 6px !important;margin-left: 6px !important;border-top-width: 7px !important;border-right-width: 7px !important;border-bottom-width: 7px !important;border-left-width: 7px !important;padding-top: 10px !important;padding-right: 10px !important;padding-bottom: 10px !important;padding-left: 10px !important;background-color: #e5e5e5 !important;border-left-color: #bc432b !important;border-right-color: #bc432b !important;border-top-color: #bc432b !important;border-bottom-color: #bc432b !important;}\u00a0\u00bb]<\/p>\n<p style=\"font-weight: 400; text-align: justify;\">Pas de stationnement sur l&rsquo;avenue c\u00f4t\u00e9 Parc floral, il ne reste plus qu&rsquo;\u00e0 traverser l&rsquo;avenue vers les parkings d&rsquo;en face, immenses, mais trop petits, et bien s\u00fbr, payants maintenant pour les motos comme pour les voitures. Merci Hidalgo de tuer les salons au Parc Floral. Une pure arnaque \u00e0 50 \u20ac la journ\u00e9e pour les autos, moiti\u00e9 moins pour les deux roues. Encore faut-il avoir \u00ab\u00a0la chance\u00a0\u00bb de pouvoir payer, il y a 20 \u00e0 30 minutes de queue au parcm\u00e8tre et, vu l&rsquo;affluence, votre application \u00ab\u00a0Pay-by-phone\u00a0\u00bb d\u00e9bord\u00e9e ne r\u00e9pond plus. Une fois l&rsquo;\u00e9preuve termin\u00e9e, ne vous reste plus qu&rsquo;\u00e0 acquitter les 16 \u20ac de l&rsquo;entr\u00e9e.<\/p>\n<p>[\/vc_column_text][vc_single_image image=\u00a0\u00bb7603&Prime; img_size=\u00a0\u00bbmedium\u00a0\u00bb alignment=\u00a0\u00bbcenter\u00a0\u00bb][\/vc_column][vc_column width=\u00a0\u00bb1\/3&Prime;][vc_single_image image=\u00a0\u00bb7602&Prime; img_size=\u00a0\u00bbmedium\u00a0\u00bb alignment=\u00a0\u00bbcenter\u00a0\u00bb][\/vc_column][\/vc_row][vc_row][vc_column][vc_column_text]<\/p>\n<p style=\"text-align: justify;\"><strong>Passons les portes apr\u00e8s ce bien mauvais d\u00e9but pour d\u00e9couvrir le salon. Les amateurs d&rsquo;avant 1960 restent de plus en plus sur leur faim et le gros de l&rsquo;expo va plut\u00f4t des ann\u00e9es 70 \u00e0 nos jours. Les temps changent, on n&rsquo;y peut rien.<\/strong><\/p>\n<p>[\/vc_column_text][\/vc_column][\/vc_row][vc_row][vc_column][vc_single_image image=\u00a0\u00bb7604&Prime; img_size=\u00a0\u00bbfull\u00a0\u00bb add_caption=\u00a0\u00bbyes\u00a0\u00bb alignment=\u00a0\u00bbcenter\u00a0\u00bb][vc_single_image image=\u00a0\u00bb7605&Prime; img_size=\u00a0\u00bbfull\u00a0\u00bb add_caption=\u00a0\u00bbyes\u00a0\u00bb alignment=\u00a0\u00bbcenter\u00a0\u00bb][vc_single_image image=\u00a0\u00bb7606&Prime; img_size=\u00a0\u00bbfull\u00a0\u00bb add_caption=\u00a0\u00bbyes\u00a0\u00bb alignment=\u00a0\u00bbcenter\u00a0\u00bb][vc_single_image image=\u00a0\u00bb7607&Prime; img_size=\u00a0\u00bbfull\u00a0\u00bb add_caption=\u00a0\u00bbyes\u00a0\u00bb alignment=\u00a0\u00bbcenter\u00a0\u00bb][vc_single_image image=\u00a0\u00bb7608&Prime; img_size=\u00a0\u00bbfull\u00a0\u00bb add_caption=\u00a0\u00bbyes\u00a0\u00bb alignment=\u00a0\u00bbcenter\u00a0\u00bb][vc_single_image image=\u00a0\u00bb7609&Prime; img_size=\u00a0\u00bbfull\u00a0\u00bb add_caption=\u00a0\u00bbyes\u00a0\u00bb alignment=\u00a0\u00bbcenter\u00a0\u00bb][vc_single_image image=\u00a0\u00bb7610&Prime; img_size=\u00a0\u00bbfull\u00a0\u00bb add_caption=\u00a0\u00bbyes\u00a0\u00bb alignment=\u00a0\u00bbcenter\u00a0\u00bb][vc_single_image image=\u00a0\u00bb7611&Prime; img_size=\u00a0\u00bbfull\u00a0\u00bb add_caption=\u00a0\u00bbyes\u00a0\u00bb alignment=\u00a0\u00bbcenter\u00a0\u00bb][vc_single_image image=\u00a0\u00bb7612&Prime; img_size=\u00a0\u00bbfull\u00a0\u00bb add_caption=\u00a0\u00bbyes\u00a0\u00bb alignment=\u00a0\u00bbcenter\u00a0\u00bb][vc_single_image image=\u00a0\u00bb7613&Prime; img_size=\u00a0\u00bbfull\u00a0\u00bb add_caption=\u00a0\u00bbyes\u00a0\u00bb alignment=\u00a0\u00bbcenter\u00a0\u00bb][vc_single_image image=\u00a0\u00bb7614&Prime; img_size=\u00a0\u00bbfull\u00a0\u00bb add_caption=\u00a0\u00bbyes\u00a0\u00bb alignment=\u00a0\u00bbcenter\u00a0\u00bb][vc_single_image image=\u00a0\u00bb7615&Prime; img_size=\u00a0\u00bbfull\u00a0\u00bb add_caption=\u00a0\u00bbyes\u00a0\u00bb alignment=\u00a0\u00bbcenter\u00a0\u00bb][vc_single_image image=\u00a0\u00bb7616&Prime; img_size=\u00a0\u00bbfull\u00a0\u00bb add_caption=\u00a0\u00bbyes\u00a0\u00bb alignment=\u00a0\u00bbcenter\u00a0\u00bb][vc_single_image image=\u00a0\u00bb7617&Prime; img_size=\u00a0\u00bbfull\u00a0\u00bb add_caption=\u00a0\u00bbyes\u00a0\u00bb alignment=\u00a0\u00bbcenter\u00a0\u00bb][vc_single_image image=\u00a0\u00bb7618&Prime; img_size=\u00a0\u00bbfull\u00a0\u00bb add_caption=\u00a0\u00bbyes\u00a0\u00bb alignment=\u00a0\u00bbcenter\u00a0\u00bb][vc_single_image image=\u00a0\u00bb7619&Prime; img_size=\u00a0\u00bbfull\u00a0\u00bb add_caption=\u00a0\u00bbyes\u00a0\u00bb alignment=\u00a0\u00bbcenter\u00a0\u00bb][vc_single_image image=\u00a0\u00bb7620&Prime; img_size=\u00a0\u00bbfull\u00a0\u00bb add_caption=\u00a0\u00bbyes\u00a0\u00bb alignment=\u00a0\u00bbcenter\u00a0\u00bb][vc_single_image image=\u00a0\u00bb7621&Prime; img_size=\u00a0\u00bbfull\u00a0\u00bb add_caption=\u00a0\u00bbyes\u00a0\u00bb alignment=\u00a0\u00bbcenter\u00a0\u00bb][vc_single_image image=\u00a0\u00bb7622&Prime; img_size=\u00a0\u00bbfull\u00a0\u00bb add_caption=\u00a0\u00bbyes\u00a0\u00bb alignment=\u00a0\u00bbcenter\u00a0\u00bb][vc_single_image image=\u00a0\u00bb7623&Prime; img_size=\u00a0\u00bbfull\u00a0\u00bb add_caption=\u00a0\u00bbyes\u00a0\u00bb alignment=\u00a0\u00bbcenter\u00a0\u00bb][vc_single_image image=\u00a0\u00bb7624&Prime; img_size=\u00a0\u00bbfull\u00a0\u00bb add_caption=\u00a0\u00bbyes\u00a0\u00bb alignment=\u00a0\u00bbcenter\u00a0\u00bb][vc_single_image image=\u00a0\u00bb7625&Prime; img_size=\u00a0\u00bbfull\u00a0\u00bb add_caption=\u00a0\u00bbyes\u00a0\u00bb alignment=\u00a0\u00bbcenter\u00a0\u00bb][vc_single_image image=\u00a0\u00bb7626&Prime; img_size=\u00a0\u00bbfull\u00a0\u00bb add_caption=\u00a0\u00bbyes\u00a0\u00bb alignment=\u00a0\u00bbcenter\u00a0\u00bb][\/vc_column][\/vc_row]<\/p>\n","protected":false},"excerpt":{"rendered":"<p>[vc_row][vc_column][vc_column_text] Oui, cela me fait bizarre sur ce blog qui n&rsquo;effleure jamais la politique, de titrer ainsi, mais je suis scandalis\u00e9 au plus haut point par le harc\u00e8lement organis\u00e9 dont ont \u00e9t\u00e9 victimes les visiteurs du salon Moto L\u00e9gende au parc Floral ce week-end. Inadmissible et honteux \u00e0 tel point qu&rsquo;on se demande si, dans [&hellip;]<\/p>\n","protected":false},"author":1,"featured_media":7605,"comment_status":"open","ping_status":"open","sticky":false,"template":"","format":"standard","meta":[],"categories":[2],"tags":[228,798,799],"_links":{"self":[{"href":"https:\/\/www.moto-collection.org\/blog\/wp-json\/wp\/v2\/posts\/7601"}],"collection":[{"href":"https:\/\/www.moto-collection.org\/blog\/wp-json\/wp\/v2\/posts"}],"about":[{"href":"https:\/\/www.moto-collection.org\/blog\/wp-json\/wp\/v2\/types\/post"}],"author":[{"embeddable":true,"href":"https:\/\/www.moto-collection.org\/blog\/wp-json\/wp\/v2\/users\/1"}],"replies":[{"embeddable":true,"href":"https:\/\/www.moto-collection.org\/blog\/wp-json\/wp\/v2\/comments?post=7601"}],"version-history":[{"count":0,"href":"https:\/\/www.moto-collection.org\/blog\/wp-json\/wp\/v2\/posts\/7601\/revisions"}],"wp:featuredmedia":[{"embeddable":true,"href":"https:\/\/www.moto-collection.org\/blog\/wp-json\/wp\/v2\/media\/7605"}],"wp:attachment":[{"href":"https:\/\/www.moto-collection.org\/blog\/wp-json\/wp\/v2\/media?parent=7601"}],"wp:term":[{"taxonomy":"category","embeddable":true,"href":"https:\/\/www.moto-collection.org\/blog\/wp-json\/wp\/v2\/categories?post=7601"},{"taxonomy":"post_tag","embeddable":true,"href":"https:\/\/www.moto-collection.org\/blog\/wp-json\/wp\/v2\/tags?post=7601"}],"curies":[{"name":"wp","href":"https:\/\/api.w.org\/{rel}","templated":true}]}}