{"id":7629,"date":"2022-11-24T11:49:38","date_gmt":"2022-11-24T11:49:38","guid":{"rendered":"https:\/\/www.moto-collection.org\/blog\/?p=7629"},"modified":"2022-11-24T11:52:21","modified_gmt":"2022-11-24T11:52:21","slug":"mecenat-fondation-du-patrimoine-motul","status":"publish","type":"post","link":"https:\/\/www.moto-collection.org\/blog\/mecenat-fondation-du-patrimoine-motul\/","title":{"rendered":"M\u00e9c\u00e9nat Fondation du Patrimoine &#8211; Motul"},"content":{"rendered":"<p>[vc_row][vc_column width=\u00a0\u00bb1\/2&Prime;][vc_column_text]<\/p>\n<p><strong>Financez vos restauration avec La Fondation du Patrimoine et Motul<\/strong><\/p>\n<p><strong>Dans le cadre de son partenariat avec Motul, la Fondation du patrimoine soutient \u00e9galement la restauration de motocyclettes.<\/strong><\/p>\n<p>[\/vc_column_text][\/vc_column][vc_column width=\u00a0\u00bb1\/2&Prime;][vc_single_image image=\u00a0\u00bb7632&Prime; img_size=\u00a0\u00bbmedium\u00a0\u00bb alignment=\u00a0\u00bbcenter\u00a0\u00bb][\/vc_column][\/vc_row][vc_row][vc_column][vc_single_image image=\u00a0\u00bb7633&Prime; img_size=\u00a0\u00bbfull\u00a0\u00bb add_caption=\u00a0\u00bbyes\u00a0\u00bb alignment=\u00a0\u00bbcenter\u00a0\u00bb][vc_single_image image=\u00a0\u00bb7631&Prime; img_size=\u00a0\u00bbfull\u00a0\u00bb add_caption=\u00a0\u00bbyes\u00a0\u00bb alignment=\u00a0\u00bbcenter\u00a0\u00bb][vc_column_text]<\/p>\n<div class=\"vc_row wpb_row vc_row-fluid\">\n<div class=\"wpb_column vc_column_container vc_col-sm-12\">\n<div class=\"vc_column-inner \">\n<div class=\"wpb_wrapper\">\n<div class=\"wpb_text_column wpb_content_element \">\n<div class=\"wpb_wrapper\">\n<p>Pour candidater, il vous faudra pr\u00e9senter : un projet de remise en \u00e9tat \u00ab\u00a0conforme \u00e0 l\u2019origine\u00a0\u00bb et remplir un dossier Une pr\u00e9sentation de la moto en l\u2019\u00e9tat et un expos\u00e9 d\u00e9taill\u00e9 du processus de restauration avec une estimation du co\u00fbt global, comprenant votre participation personnelle et, \u00e9ventuellement, celle d\u2019autres m\u00e9c\u00e8nes, et les devis des op\u00e9rations effectu\u00e9es en externe.<\/p>\n<p>Vous pouvez retrouver l\u2019ensemble des informations n\u00e9cessaires sur la <a href=\"https:\/\/www.fondation-patrimoine.org\/fondation-du-patrimoine\/partenaires-et-mecenes\/motul\">page internet de la Fondation du patrimoine.<\/a> N\u2019h\u00e9sitez pas \u00e0 contacter <a href=\"https:\/\/www.fondation-patrimoine.org\/contact\">votre d\u00e9l\u00e9gation r\u00e9gionale<\/a> pour vous accompagner dans cette d\u00e9marche.<\/p>\n<p>Un comit\u00e9 d\u2019experts o\u00f9 j\u2019ai le grand honneur de repr\u00e9senter particuli\u00e8rement la moto, se r\u00e9unit une fois par an pour s\u00e9lectionner les laur\u00e9ats.\u00a0Le grand gagnant recevra le <strong>Grand Prix Motul \u2013 Fondation du patrimoine d\u2019un montant de 10 000 \u20ac<\/strong>. Un certain nombre d\u2019autres prix seront d\u00e9cern\u00e9s dont la valeur varie en fonction de l\u2019int\u00e9r\u00eat et de la raret\u00e9 des v\u00e9hicules pr\u00e9sent\u00e9s et de la quantit\u00e9 de travaux \u00e0 effectuer.<\/p>\n<p>Si votre dossier est retenu, il faudra vous engager, une fois la restauration termin\u00e9e \u00e0 exposer votre v\u00e9hicule pendant au moins 5 ans dans un lieu d\u2019exposition ouvert au public (et\/ou le pr\u00e9senter lors de 4 manifestations par an, pendant 5 ans).<\/p>\n<p>Alors, si vous avez en projet la restauration d\u2019un belle, moto ancienne, rare, dot\u00e9e d\u2019une belle histoire, n\u2019h\u00e9sitez pas :\u00a0 <a href=\"https:\/\/strapi-upload.cdn.fondation-patrimoine.org\/Dossier_de_candidature_MOTUL_2022_de445f9d24.pdf?_ga=2.172697383.58478973.1669191987-1495113439.1669191985\">t\u00e9l\u00e9chargez le dossier de candidature<\/a>.<\/p>\n<p><strong>La date limite des candidatures pour 2023 est fix\u00e9e au 30 juin 2022<\/strong>. Le comit\u00e9 de s\u00e9lection se r\u00e9unira ensuite au d\u00e9but de l\u2019automne.<\/p>\n<p>J\u2019ajoute que <strong>moto-collection.org<\/strong> sera tr\u00e8s heureux de suivre votre restauration et de la pr\u00e9senter sur ses pages.<\/p>\n<\/div>\n<\/div>\n<\/div>\n<\/div>\n<\/div>\n<\/div>\n<div class=\"vc_row wpb_row vc_row-fluid\">\n<div class=\"wpb_column vc_column_container vc_col-sm-12\">\n<div class=\"vc_column-inner \">\n<div class=\"wpb_wrapper\">\u00a0<\/div>\n<\/div>\n<\/div>\n<\/div>\n<p>[\/vc_column_text][\/vc_column][\/vc_row][vc_row][vc_column width=\u00a0\u00bb1\/2&Prime;][vc_single_image image=\u00a0\u00bb7634&Prime; img_size=\u00a0\u00bbfull\u00a0\u00bb add_caption=\u00a0\u00bbyes\u00a0\u00bb alignment=\u00a0\u00bbcenter\u00a0\u00bb][vc_single_image image=\u00a0\u00bb7636&Prime; img_size=\u00a0\u00bbmedium\u00a0\u00bb add_caption=\u00a0\u00bbyes\u00a0\u00bb alignment=\u00a0\u00bbcenter\u00a0\u00bb][\/vc_column][vc_column width=\u00a0\u00bb1\/2&Prime;][vc_single_image image=\u00a0\u00bb7635&Prime; img_size=\u00a0\u00bbfull\u00a0\u00bb add_caption=\u00a0\u00bbyes\u00a0\u00bb alignment=\u00a0\u00bbcenter\u00a0\u00bb][vc_single_image image=\u00a0\u00bb7637&Prime; img_size=\u00a0\u00bbmedium\u00a0\u00bb add_caption=\u00a0\u00bbyes\u00a0\u00bb alignment=\u00a0\u00bbcenter\u00a0\u00bb][\/vc_column][\/vc_row]<\/p>\n","protected":false},"excerpt":{"rendered":"<p>[vc_row][vc_column width=\u00a0\u00bb1\/2&Prime;][vc_column_text] Financez vos restauration avec La Fondation du Patrimoine et Motul Dans le cadre de son partenariat avec Motul, la Fondation du patrimoine soutient \u00e9galement la restauration de motocyclettes. [\/vc_column_text][\/vc_column][vc_column width=\u00a0\u00bb1\/2&Prime;][vc_single_image image=\u00a0\u00bb7632&Prime; img_size=\u00a0\u00bbmedium\u00a0\u00bb alignment=\u00a0\u00bbcenter\u00a0\u00bb][\/vc_column][\/vc_row][vc_row][vc_column][vc_single_image image=\u00a0\u00bb7633&Prime; img_size=\u00a0\u00bbfull\u00a0\u00bb add_caption=\u00a0\u00bbyes\u00a0\u00bb alignment=\u00a0\u00bbcenter\u00a0\u00bb][vc_single_image image=\u00a0\u00bb7631&Prime; img_size=\u00a0\u00bbfull\u00a0\u00bb add_caption=\u00a0\u00bbyes\u00a0\u00bb alignment=\u00a0\u00bbcenter\u00a0\u00bb][vc_column_text] Pour candidater, il vous faudra pr\u00e9senter : un projet de remise en [&hellip;]<\/p>\n","protected":false},"author":1,"featured_media":7633,"comment_status":"open","ping_status":"open","sticky":false,"template":"","format":"standard","meta":[],"categories":[2],"tags":[800],"_links":{"self":[{"href":"https:\/\/www.moto-collection.org\/blog\/wp-json\/wp\/v2\/posts\/7629"}],"collection":[{"href":"https:\/\/www.moto-collection.org\/blog\/wp-json\/wp\/v2\/posts"}],"about":[{"href":"https:\/\/www.moto-collection.org\/blog\/wp-json\/wp\/v2\/types\/post"}],"author":[{"embeddable":true,"href":"https:\/\/www.moto-collection.org\/blog\/wp-json\/wp\/v2\/users\/1"}],"replies":[{"embeddable":true,"href":"https:\/\/www.moto-collection.org\/blog\/wp-json\/wp\/v2\/comments?post=7629"}],"version-history":[{"count":0,"href":"https:\/\/www.moto-collection.org\/blog\/wp-json\/wp\/v2\/posts\/7629\/revisions"}],"wp:featuredmedia":[{"embeddable":true,"href":"https:\/\/www.moto-collection.org\/blog\/wp-json\/wp\/v2\/media\/7633"}],"wp:attachment":[{"href":"https:\/\/www.moto-collection.org\/blog\/wp-json\/wp\/v2\/media?parent=7629"}],"wp:term":[{"taxonomy":"category","embeddable":true,"href":"https:\/\/www.moto-collection.org\/blog\/wp-json\/wp\/v2\/categories?post=7629"},{"taxonomy":"post_tag","embeddable":true,"href":"https:\/\/www.moto-collection.org\/blog\/wp-json\/wp\/v2\/tags?post=7629"}],"curies":[{"name":"wp","href":"https:\/\/api.w.org\/{rel}","templated":true}]}}