{"id":8438,"date":"2023-06-04T14:52:37","date_gmt":"2023-06-04T14:52:37","guid":{"rendered":"https:\/\/www.moto-collection.org\/blog\/?p=8438"},"modified":"2023-06-04T15:01:14","modified_gmt":"2023-06-04T15:01:14","slug":"olivier-et-alain-chevallier-par-jacques-bussillet","status":"publish","type":"post","link":"https:\/\/www.moto-collection.org\/blog\/olivier-et-alain-chevallier-par-jacques-bussillet\/","title":{"rendered":"Olivier et Alain Chevallier par Jacques Bussillet"},"content":{"rendered":"<p>[vc_row][vc_column][vc_column_text]<\/p>\n<p><span style=\"font-size: 1em;\"><b>Deux fr\u00e8res dans la course de 1966 \u00e0 2016<\/b><\/span><\/p>\n<p><span style=\"font-size: 1em;\">Un tr\u00e8s \u00e9mouvant livre-hommage par Jacques Bussillet<\/span><\/p>\n<p>[\/vc_column_text][vc_single_image image=\u00a0\u00bb8439&Prime; img_size=\u00a0\u00bbfull\u00a0\u00bb alignment=\u00a0\u00bbcenter\u00a0\u00bb style=\u00a0\u00bbvc_box_border\u00a0\u00bb onclick=\u00a0\u00bbimg_link_large\u00a0\u00bb][\/vc_column][\/vc_row][vc_row][vc_column][vc_column_text]<\/p>\n<p style=\"font-weight: 400; text-align: justify;\">Il est des articles plus difficiles \u00e0 \u00e9crire que d&rsquo;autres. Tr\u00e8s li\u00e9 \u00e0 Alain Chevallier avec qui j&rsquo;ai beaucoup travaill\u00e9 \u00e0 la r\u00e9alisation de prototypes d&rsquo;\u00e9tudes pour l&rsquo;usine Yamaha, j&rsquo;avoue que j&rsquo;ai le clavier qui se bloque un peu en \u00e9voquant ces souvenirs. J&rsquo;admire d&rsquo;autant plus le livre de Jacques Bussillet, que la famille Chevallier consid\u00e9rait comme un fils adoptif. Il a su \u00e9crire un bouquin remarquable o\u00f9 la vie des deux fr\u00e8res, les courses d&rsquo;Olivier et les r\u00e9alisations d&rsquo;Alain, sont \u00e0 la fois racont\u00e9s de fa\u00e7on distanci\u00e9e, vue de l&rsquo;ext\u00e9rieur, et par les acteurs eux-m\u00eames, tels qu&rsquo;ils les ont v\u00e9cus. Le livre m\u00eale ainsi au fil de ses 220 pages, l&rsquo;histoire racont\u00e9e par Jacques en tant que journaliste et, s\u00e9par\u00e9ment, en tant qu&rsquo;ami intime, et les textes \u00e9crits par Olivier, ou par Alain, avec sa verve inimitable. C&rsquo;est bien plus qu&rsquo;un livre de plus qui raconte l&rsquo;ascension d&rsquo;un pilote, ses dons inn\u00e9s en marketing puis l&rsquo;explosion progressive des talents techniques d&rsquo;Alain Chevallier, ing\u00e9nieur autodidacte qui sera vite reconnu comme l&rsquo;un des meilleurs techniciens de l&rsquo;histoire de la moto au niveau international. C&rsquo;est un livre plein d&rsquo;\u00e9motions et de sensibilit\u00e9. L&rsquo;histoire d&rsquo;une famille tr\u00e8s soud\u00e9e qui partage les bons et les pires moments, des enfants qui perp\u00e9tuent la passion de leur p\u00e8re pour les sports m\u00e9caniques. C&rsquo;est l&rsquo;histoire d&rsquo;un drame avec l&rsquo;accident fatal d&rsquo;Olivier en 1980, suivie par le formidable rebondissement, tant sur le plan du courage que sur celui de la technique, de son fr\u00e8re Alain.<\/p>\n<p style=\"font-weight: 400; text-align: justify;\">J&rsquo;ai lu beaucoup, vraiment beaucoup, de livres sur la moto, tous m&rsquo;ont appris quelque chose, m\u00eame les plus mauvais. Ce n&rsquo;est pas le cas de celui-ci qui se classe parmi les meilleurs, et hors concours, car il a un plus consid\u00e9rable, l&rsquo;\u00e9motion et le v\u00e9cu. Olivier et Alain m\u00e9ritaient bien un tel hommage.<\/p>\n<p>[\/vc_column_text][\/vc_column][\/vc_row][vc_row][vc_column][vc_gallery interval=\u00a0\u00bb3&Prime; images=\u00a0\u00bb8466,8467,8468,8469,8470,8471,8472,8473,8474,8475,8476,8477,8478,8479,8480,8481,8482,8483,8484,8485,8486,8487,8488,8489,8490&Prime; img_size=\u00a0\u00bbfull\u00a0\u00bb onclick=\u00a0\u00bbimg_link_large\u00a0\u00bb][vc_column_text]<\/p>\n<p><em>Quelques photos illustrant l&rsquo;histoire d&rsquo;Olivier et Alain Chevallier\u2026 il y en a beaucoup plus dans le livre et avec des l\u00e9gendes !<\/em><\/p>\n<p>[\/vc_column_text][\/vc_column][vc_column][\/vc_column][\/vc_row][vc_row][vc_column][\/vc_column][\/vc_row]<\/p>\n","protected":false},"excerpt":{"rendered":"<p>[vc_row][vc_column][vc_column_text] Deux fr\u00e8res dans la course de 1966 \u00e0 2016 Un tr\u00e8s \u00e9mouvant livre-hommage par Jacques Bussillet [\/vc_column_text][vc_single_image image=\u00a0\u00bb8439&Prime; img_size=\u00a0\u00bbfull\u00a0\u00bb alignment=\u00a0\u00bbcenter\u00a0\u00bb style=\u00a0\u00bbvc_box_border\u00a0\u00bb onclick=\u00a0\u00bbimg_link_large\u00a0\u00bb][\/vc_column][\/vc_row][vc_row][vc_column][vc_column_text] Il est des articles plus difficiles \u00e0 \u00e9crire que d&rsquo;autres. Tr\u00e8s li\u00e9 \u00e0 Alain Chevallier avec qui j&rsquo;ai beaucoup travaill\u00e9 \u00e0 la r\u00e9alisation de prototypes d&rsquo;\u00e9tudes pour l&rsquo;usine Yamaha, j&rsquo;avoue que j&rsquo;ai [&hellip;]<\/p>\n","protected":false},"author":1,"featured_media":8439,"comment_status":"open","ping_status":"open","sticky":false,"template":"","format":"standard","meta":[],"categories":[12,2],"tags":[248,301,840],"_links":{"self":[{"href":"https:\/\/www.moto-collection.org\/blog\/wp-json\/wp\/v2\/posts\/8438"}],"collection":[{"href":"https:\/\/www.moto-collection.org\/blog\/wp-json\/wp\/v2\/posts"}],"about":[{"href":"https:\/\/www.moto-collection.org\/blog\/wp-json\/wp\/v2\/types\/post"}],"author":[{"embeddable":true,"href":"https:\/\/www.moto-collection.org\/blog\/wp-json\/wp\/v2\/users\/1"}],"replies":[{"embeddable":true,"href":"https:\/\/www.moto-collection.org\/blog\/wp-json\/wp\/v2\/comments?post=8438"}],"version-history":[{"count":0,"href":"https:\/\/www.moto-collection.org\/blog\/wp-json\/wp\/v2\/posts\/8438\/revisions"}],"wp:featuredmedia":[{"embeddable":true,"href":"https:\/\/www.moto-collection.org\/blog\/wp-json\/wp\/v2\/media\/8439"}],"wp:attachment":[{"href":"https:\/\/www.moto-collection.org\/blog\/wp-json\/wp\/v2\/media?parent=8438"}],"wp:term":[{"taxonomy":"category","embeddable":true,"href":"https:\/\/www.moto-collection.org\/blog\/wp-json\/wp\/v2\/categories?post=8438"},{"taxonomy":"post_tag","embeddable":true,"href":"https:\/\/www.moto-collection.org\/blog\/wp-json\/wp\/v2\/tags?post=8438"}],"curies":[{"name":"wp","href":"https:\/\/api.w.org\/{rel}","templated":true}]}}