{"id":8510,"date":"2023-06-09T17:56:12","date_gmt":"2023-06-09T17:56:12","guid":{"rendered":"https:\/\/www.moto-collection.org\/blog\/?p=8510"},"modified":"2023-06-22T08:33:37","modified_gmt":"2023-06-22T08:33:37","slug":"collection-walter-ankli-a-caldes-de-boi","status":"publish","type":"post","link":"https:\/\/www.moto-collection.org\/blog\/collection-walter-ankli-a-caldes-de-boi\/","title":{"rendered":"Collection Walter Ankli \u00e0 Caldes de Boi"},"content":{"rendered":"<p>[vc_row][vc_column][vc_column_text css=\u00a0\u00bb.vc_custom_1686332981334{border-top-width: 2px !important;border-right-width: 2px !important;border-bottom-width: 2px !important;border-left-width: 2px !important;padding-top: 10px !important;padding-right: 10px !important;padding-bottom: 10px !important;padding-left: 10px !important;background-color: #bad4f2 !important;border-left-color: #4627f7 !important;border-right-color: #4627f7 !important;border-top-color: #4627f7 !important;border-bottom-color: #4627f7 !important;}\u00a0\u00bb]<\/p>\n<p style=\"text-align: justify;\">Si vos vacances vous m\u00e8nent (comme les miennes !) sur les petites routes des Pyr\u00e9n\u00e9es, vous connaissez peut \u00eatre le <a href=\"http:\/\/andorramania.com\/museus\/museu_auto\/\">mus\u00e9e National de l\u2019Automobile d\u2019Andorre<\/a> qui pr\u00e9sente une soixantaine de motos et le superbe <a href=\"https:\/\/www.museumoto.com\/\">mus\u00e9e de Bassella,<\/a> environ 70 km plus au sud, o\u00f9 pr\u00e8s de 200 motos, principalement espagnoles, vous attendent, mais vous ne vous attendez sans doute pas \u00e0 trouver une autre collection de moto extraordinaire en plein milieu des montagnes \u00e0 150 km d\u2019Andorre par la route et moiti\u00e9 moins \u00e0 vol d\u2019oiseau. Mike Ricketts l\u2019a d\u00e9couverte pour vous et on vous recommande fort de noter l\u2019adresse https:\/\/www.caldesdeboi.com.<\/p>\n<p style=\"text-align: justify;\"><em>L\u2019acc\u00e8s \u00e0 la collection se fait sur r\u00e9servation aupr\u00e8s de l\u2019administration de l\u2019h\u00f4tel et du spa \u00e0 l\u2019adresse suivante : info@caldesdeboi.com.<\/em><\/p>\n<p style=\"text-align: right;\">FMD<\/p>\n<p>[\/vc_column_text][vc_single_image image=\u00a0\u00bb8511&Prime; img_size=\u00a0\u00bbfull\u00a0\u00bb alignment=\u00a0\u00bbcenter\u00a0\u00bb onclick=\u00a0\u00bbimg_link_large\u00a0\u00bb][vc_column_text]<\/p>\n<p style=\"font-weight: 400; text-align: justify;\"><strong>Caldes de Boi &#8211; la collection Walter Ankli<\/strong><\/p>\n<p style=\"font-weight: 400; text-align: justify;\"><em>Par Mike Ricketts<\/em><\/p>\n<p style=\"font-weight: 400; text-align: justify;\">Le <a href=\"https:\/\/www.caldesdeboi.com\/\">complexe h\u00f4telier et thermal de Caldes de Boi<\/a> est nich\u00e9 \u00e0 1 500 m\u00e8tres d&rsquo;altitude.\u00a0 dans la vall\u00e9e de Boi, au c\u0153ur du paysage d&rsquo;une beaut\u00e9 \u00e9poustouflante des hautes montagnes et des for\u00eats des Pyr\u00e9n\u00e9es, On y acc\u00e8de \u00e0 l&rsquo;endroit o\u00f9 les routes goudronn\u00e9es se terminent. En quittant la N-230, \u00e0 un kilom\u00e8tre au nord du Pont des Suert, pour prendre la L-500 et parcourir ensuite 30 kilom\u00e8tres \u00e0 travers la beaut\u00e9 de la vall\u00e9e de Boi. Cette station thermale au milieu des montagnes\u00a0appartient \u00e0 Walter Ankli lequel admet volontiers \u00eatre un collectionneur compulsif d&rsquo;objets m\u00e9caniques. Un b\u00e2timent \u00e0 l&rsquo;entr\u00e9e de la station thermale \u00e0 Caldes de Boi abrite sa collection de plus de 80 motos de 1940 \u00e0 1985, espagnoles ou construites sous licence en Espagne.<\/p>\n<p>[\/vc_column_text][\/vc_column][\/vc_row][vc_row][vc_column][vc_column_text]<\/p>\n<p style=\"font-weight: 400; text-align: justify;\"><strong>Les premi\u00e8res Montesa \u00e0 Caldes de Boi avec Paco Bult\u00f3<\/strong><\/p>\n<p style=\"font-weight: 400; text-align: justify;\">L&rsquo;installation de la collection \u00e0 Caldes de Boi t\u00e9moigne \u00e9galement d&rsquo;une place peu connue qu&rsquo;occupe la station thermale dans l&rsquo;histoire de la moto espagnole. Une photographie conserv\u00e9e dans le b\u00e2timent de la Collection montre un groupe de jeunes gens souriants durant l&rsquo;\u00e9t\u00e9 1945.\u00a0 Il s&rsquo;agit de <strong>Francesc Xavier \u00ab\u00a0Paco\u00a0\u00bb Bult\u00f3<\/strong> (fondateur de la marque Montesa, puis de la marque Bultaco), de son neveu <strong>Juan Soler Bult\u00f3<\/strong> (double champion d&rsquo;Espagne de course sur route en 125 cm3 au guidon d&rsquo;une Montesa), des <strong>fr\u00e8res Mila<\/strong> (Leopoldo Mila a \u00e9t\u00e9 le concepteur prim\u00e9 de la Montesa Impala) et de <strong>Josep Maria Llobet \u00ab\u00a0Turuta\u00a0\u00bb<\/strong> qui, en 1955, a remport\u00e9 avec Juan Soler Bult\u00f3 la premi\u00e8re \u00e9dition de la course d&rsquo;endurance des 24 heures de Montju\u00efc.\u00a0 Ils \u00e9taient arriv\u00e9s \u00e0 Caldes de Boi sur des motos Montesa de pr\u00e9s\u00e9rie, dans le cadre d&rsquo;un programme d&rsquo;essais intensifs qui les avait vus partir de Barcelone pour arriver \u00e0 Spa qui, \u00e0 l&rsquo;\u00e9poque, n&rsquo;\u00e9tait accessible que par des chemins muletiers permettant tout juste le passage d&rsquo;une charrette. (photo collection Caldes de Boi)<\/p>\n<p>[\/vc_column_text][vc_single_image image=\u00a0\u00bb8514&Prime; img_size=\u00a0\u00bbfull\u00a0\u00bb alignment=\u00a0\u00bbcenter\u00a0\u00bb][\/vc_column][\/vc_row][vc_row][vc_column][vc_column_text]<\/p>\n<p style=\"font-weight: 400; text-align: justify;\"><strong>Superbe pr\u00e9sentation<\/strong>. L&rsquo;int\u00e9rieur du batiment est tr\u00e8s lumineux et les murs sont principalement peints en noir.\u00a0 Les motos, toutes parfaitement restaur\u00e9es, y sont expos\u00e9s sur des lits de galets blancs avec de tout petits panneaux d&rsquo;identification sur le sol. Un vrai plaisir pour les photos sans hideuses cha\u00eenes en plastique ou panneaux de l\u00e9gende inamovibles,\u2026 mais \u00e0 condition d&rsquo;avoir un grand angle car il n&rsquo;y a gu\u00e8re de recul.<\/p>\n<p>[\/vc_column_text][\/vc_column][\/vc_row][vc_row][vc_column][vc_single_image image=\u00a0\u00bb8513&Prime; img_size=\u00a0\u00bblarge\u00a0\u00bb alignment=\u00a0\u00bbcenter\u00a0\u00bb onclick=\u00a0\u00bbimg_link_large\u00a0\u00bb][vc_column_text]<\/p>\n<p style=\"font-weight: 400; text-align: justify;\">Ci-dessus un bel alignement avec, dans l&rsquo;ordre la Rondine Sport 125 cm3 produite en 1951-52, une MV Agusta Pullman 125 cm3 (construite par Avello \u00e0 Gij\u00f3n, Asturies, Espagne de1958 \u00e0 63, \u00a0une Mymsa 125 \u00a0A1 (1955-62), une Rieju 125 Jaca \u00e0 moteur AMC (1959-63), une Raid 200 cm3 (1952-56), une Clua 125 cm3 (1953-59) et une BJR YZ 175 cm3 (1955-56). Un tandem Pinarello et plusieurs v\u00e9los de course classiques sont tout autour sur les murs.<\/p>\n<p>[\/vc_column_text][\/vc_column][\/vc_row][vc_row][vc_column][vc_single_image image=\u00a0\u00bb8512&Prime; img_size=\u00a0\u00bbfull\u00a0\u00bb alignment=\u00a0\u00bbcenter\u00a0\u00bb][vc_column_text]<\/p>\n<p>La zone d&rsquo;exposition centrale est quasi exclusivement r\u00e9serv\u00e9e \u00e0 <a href=\"https:\/\/www.moto-collection.org\/moto-collection\/modeles.php?lamarque=Ossa&amp;tri=cylindree\" target=\"_blank\" rel=\"noopener\">Ossa<\/a>.<\/p>\n<p>[\/vc_column_text][\/vc_column][\/vc_row][vc_row][vc_column][vc_single_image image=\u00a0\u00bb8515&Prime; img_size=\u00a0\u00bbfull\u00a0\u00bb alignment=\u00a0\u00bbcenter\u00a0\u00bb onclick=\u00a0\u00bbimg_link_large\u00a0\u00bb][vc_column_text]<\/p>\n<p style=\"font-weight: 400; text-align: justify;\"><strong>BJR 175 cm3 YZ &#8211; 1955-56<\/strong><\/p>\n<p style=\"font-weight: 400; text-align: justify;\">La marque BJR a vu le jour en 1942 dans la r\u00e9gion de Valence sous le nom de Baesal.\u00a0 Le propri\u00e9taire, Senor Bautista, avait un garage de r\u00e9paration automobile et a commenc\u00e9 \u00e0 commercialiser un moteur \u00e0 deux temps de 100 cm3 adaptable sur v\u00e9lo.\u00a0 Il a ensuite rebaptis\u00e9 l&rsquo;entreprise en utilisant les initiales de son nom, Bautista, et celles de ses deux fils, Juan et Rafael, d&rsquo;o\u00f9 BJR.\u00a0\u00a0 Apr\u00e8s un premier cyclomoteur, BJR a produit une gamme de motos \u00a0deux temps de moyenne cylindr\u00e9e, la plus populaire \u00e9tant la YZ 175 cm3 monocylindre ici photographi\u00e9e. Cette 175 fut lanc\u00e9e en 1955 mais BJR produit \u00e9galement des 125 deux temps et une 175 quatre temps \u00e0 soupapes en t\u00eate de belle facture. BJR a surv\u00e9cu jusqu&rsquo;en 1962 et a produit environ 5 000 motos avant de se restructurer et de s&rsquo;orienter vers la production de petits tracteurs.<\/p>\n<p>[\/vc_column_text][\/vc_column][\/vc_row][vc_row][vc_column][vc_single_image image=\u00a0\u00bb8516&Prime; img_size=\u00a0\u00bbfull\u00a0\u00bb alignment=\u00a0\u00bbcenter\u00a0\u00bb onclick=\u00a0\u00bblink_image\u00a0\u00bb][vc_column_text]<\/p>\n<p style=\"font-weight: 400;\"><strong><a href=\"https:\/\/www.moto-collection.org\/moto-collection\/modeles.php?lamarque=Bultaco&amp;tri=cylindree\" target=\"_blank\" rel=\"noopener\">Bultaco<\/a> 250 cm3 Metralla GTS &#8211; 1980<\/strong>.\u00a0 La GTS produite de 1977 \u00e0 82 est la derni\u00e8re version de la Metralla. Celle-ci date de 1980 et l&rsquo;ultime mouture, en 81, aura des roues en alliage l\u00e9ger et un petit dosseret de selle. Ce mono deux temps est \u00e9quip\u00e9e d&rsquo;une bo\u00eete 6 vitesses et d&rsquo;un moteur d\u00e9riv\u00e9 de celui de la Bultaco Pursang de motocros adapt\u00e9 \u00e0 un usage routier. Il d\u00e9veloppait 25 ch \u00e0 7500 tr\/min et la GTS ne pesait que 124 kg \u00e0 sec.<\/p>\n<p>[\/vc_column_text][\/vc_column][\/vc_row][vc_row][vc_column][vc_single_image image=\u00a0\u00bb8517&Prime; img_size=\u00a0\u00bbfull\u00a0\u00bb alignment=\u00a0\u00bbcenter\u00a0\u00bb onclick=\u00a0\u00bbimg_link_large\u00a0\u00bb][vc_column_text]<\/p>\n<p style=\"font-weight: 400;\"><strong>Cl\u00faa 125 cm3 deux temps &#8211; 1960c<\/strong>. Cl\u00f9a \u00a0est cr\u00e9\u00e9 en 1949 \u00e0 Barcelone et passe en 1952 sous contr\u00f4le de l&rsquo;usine italienne <strong><a href=\"https:\/\/www.moto-collection.org\/moto-collection\/modeles.php?lamarque=Alpino&amp;tri=cylindree\" target=\"_blank\" rel=\"noopener\">Alpino<\/a><\/strong> qui compte bien par ce biais investir le march\u00e9 espagnol. La marque catalane fabriquera des motos et des microcars jusqu&rsquo;en 1962. La gamme comprenait des monocylindres 2 temps de 50, 74, 98 et 123 cm3 (ici photographi\u00e9) et un 175 cm3 4 temps \u00e0 soupapes culbut\u00e9es. (Le Cl\u00f9a 50 Gorrion II de 1957 est pr\u00e9sent\u00e9 <a href=\"https:\/\/www.moto-collection.org\/moto-collection\/fmd-moto-Clua-9890.htm\" target=\"_blank\" rel=\"noopener\">ICI<\/a>)<\/p>\n<p>[\/vc_column_text][\/vc_column][\/vc_row][vc_row][vc_column][vc_single_image image=\u00a0\u00bb8518&Prime; img_size=\u00a0\u00bbfull\u00a0\u00bb alignment=\u00a0\u00bbcenter\u00a0\u00bb onclick=\u00a0\u00bbimg_link_large\u00a0\u00bb][vc_column_text]<\/p>\n<p style=\"font-weight: 400;\"><strong>Evycsa 175 cm3 &#8211; 1956. <\/strong>Evycsa, une marque catalane aussi peu connue qu&rsquo;\u00e9ph\u00e9m\u00e8re avait son usine \u00e0 Barcelone entre 1953 et 1957.\u00a0 La marque a \u00e9t\u00e9 fond\u00e9e par M\u00e0rius Vilaseca Roura (1917-1955) un ancien coureur motocycliste qui d\u00e9cida de concevoir et de produire ses propres motos.\u00a0 Elles \u00e9taient \u00e9quip\u00e9es de moteurs de Fita (ou Fita-AMC), une entreprise bas\u00e9e \u00e0 Figueres qui produisait des moteurs AMC fran\u00e7ais sous licence.\u00a0 Le Fita-AMC de 175 cm3 quatre temps culbut\u00e9 mont\u00e9 sur le mod\u00e8le photographi\u00e9 \u00e9tait le choix le plus pris\u00e9.<\/p>\n<p style=\"font-weight: 400;\">En juin 1955, alors qu&rsquo;il effectuait une reconnaissance pour le Rallye de la Costa Brava sur l&rsquo;une de ses propres machines, Vilaseca voit son pneu arri\u00e8re \u00e9clater \u00e0 grande vitesse.\u00a0 Il est transport\u00e9 d&rsquo;urgence \u00e0 l&rsquo;h\u00f4pital de Barcelone, o\u00f9 il succombe \u00e0 ses blessures. La soci\u00e9t\u00e9 Evycsa a n\u00e9anmoins poursuivi ses activit\u00e9s jusqu&rsquo;en 1957. \u00a0D\u00e9clar\u00e9e en faillite l&rsquo;ann\u00e9e suivante Evycsa a \u00e9t\u00e9 absorb\u00e9e par Fita, qui \u00e9tait l&rsquo;un des cr\u00e9anciers. \u00a0La version photographi\u00e9e est la 175 Sport produite de 1953 \u00e0 59. Elle annon\u00e7ait 8 ch et 105 km\/h.<\/p>\n<p>[\/vc_column_text][\/vc_column][\/vc_row][vc_row][vc_column][vc_single_image image=\u00a0\u00bb8519&Prime; img_size=\u00a0\u00bbfull\u00a0\u00bb alignment=\u00a0\u00bbcenter\u00a0\u00bb onclick=\u00a0\u00bbimg_link_large\u00a0\u00bb][vc_column_text]<\/p>\n<p style=\"font-weight: 400;\"><strong>Iso 150 cm3 1963-65.<\/strong><strong>\u00a0<\/strong>L&rsquo;usine italienne italien <strong><a href=\"https:\/\/www.moto-collection.org\/moto-collection\/modeles.php?lamarque=Iso&amp;tri=cylindree\" target=\"_blank\" rel=\"noopener\">Iso<\/a><\/strong> a conclu un accord pour construire des motos, des scooters et des \u00ab\u00a0motocarros\u00a0\u00bb \u00a0Iso \u00e0 Madrid \u00e0 partir de 1951. Ce mod\u00e8le attel\u00e9 d&rsquo;un side-car madril\u00e8ne est un anim\u00e9 par un monocylindre 2 temps de 150 cm3 d\u00e9veloppant <strong>\u00a0<\/strong>7,5 ch\/5300 tr\/min. Il a \u00a03 vitesses et promet 65 km\/h<strong>.<\/strong><\/p>\n<p>[\/vc_column_text][\/vc_column][\/vc_row][vc_row][vc_column][vc_single_image image=\u00a0\u00bb8520&Prime; img_size=\u00a0\u00bbfull\u00a0\u00bb alignment=\u00a0\u00bbcenter\u00a0\u00bb onclick=\u00a0\u00bbimg_link_large\u00a0\u00bb][vc_column_text]<\/p>\n<p style=\"font-weight: 400;\"><strong>Ossa Yankee 500 cm3 Yankee &#8211; 1977<\/strong>.\u00a0 Cette version \u00e0 roues en alliage est l&rsquo;ultime mouture de la bicylindre deux temps <a href=\"https:\/\/www.moto-collection.org\/moto-collection\/fmd-moto-Ossa-7907.htm\" target=\"_blank\" rel=\"noopener\">Yankee d\u00e9velopp\u00e9e par Ossa depuis 1972<\/a>.<\/p>\n<p>[\/vc_column_text][\/vc_column][\/vc_row][vc_row][vc_column][vc_single_image image=\u00a0\u00bb8521&Prime; img_size=\u00a0\u00bbfull\u00a0\u00bb alignment=\u00a0\u00bbcenter\u00a0\u00bb onclick=\u00a0\u00bbimg_link_large\u00a0\u00bb][vc_column_text]<\/p>\n<p><strong style=\"font-weight: 400;\"><a href=\"https:\/\/www.moto-collection.org\/moto-collection\/modeles.php?lamarque=Rieju&amp;tri=cylindree\" target=\"_blank\" rel=\"noopener\">Rieju<\/a> 125 cm3 Jaca &#8211; 1956<\/strong>. En 1934, Luis Riera Carr\u00e9 et Jaime Juanola Farres commencent leur aventure entrepreneuriale en fabriquant des accessoires pour bicyclettes. Ils fusionnent leurs noms pour cr\u00e9er la marque RIEJU (RIEra+JUanola).\u00a0 Malheureusement, leurs premi\u00e8res ann\u00e9es ont \u00e9t\u00e9 perturb\u00e9es par la guerre civile espagnole et leur premier cyclomoteur n&rsquo;a \u00e9t\u00e9 produit qu&rsquo;en 1945.\u00a0 En 1953 na\u00eet le Rieju 175 cm3 qui est en fait une GIMA habill\u00e9e d&rsquo;\u00e9l\u00e9ments de t\u00f4lerie de fabrication locale. Il est \u00e9quip\u00e9 d&rsquo;un 175 cm3 quatre temps culbut\u00e9 AMC fabriqu\u00e9 sous licence en Espagne par \u00a0Fita. Ce mod\u00e8le peint en noir mat avec des garnitures dor\u00e9es devient le pilier de la production de Rieju pendant quelques ann\u00e9es (La collection de Walter Ankli en expose une version attel\u00e9e d&rsquo;un side-car).\u00a0 Le tr\u00e8s beau Rieju 125 cm3 <span style=\"font-size: 1em;\">Jaca qu&rsquo;on peut voir ci-dessus est apparu en 1958. \u00a0Il est \u00e9quip\u00e9 du nouveau moteur AMC deux temps Isard toujours fabriqu\u00e9 sous <\/span>licence<span style=\"font-size: 1em;\"> par FITA et il se vendra \u00e0 plusieurs <\/span>milliers<span style=\"font-size: 1em;\"> d&rsquo;exemplaires jusqu&rsquo;en 1964. Rieju, l&rsquo;un des rares \u00e0 avoir surv\u00e9cu \u00e0 la crise de l&rsquo;industrie motocycliste espagnole, existe encore aujourd&rsquo;hui.<\/span><\/p>\n<p>[\/vc_column_text][\/vc_column][\/vc_row][vc_row][vc_column][vc_single_image image=\u00a0\u00bb8522&Prime; img_size=\u00a0\u00bbfull\u00a0\u00bb alignment=\u00a0\u00bbcenter\u00a0\u00bb onclick=\u00a0\u00bbimg_link_large\u00a0\u00bb][vc_column_text]<\/p>\n<p style=\"font-weight: 400;\"><strong>Rovena 250 cm3 Sport -1965<\/strong><\/p>\n<p style=\"font-weight: 400;\">Au d\u00e9but des ann\u00e9es 1960, le constructeur catalan Sanglas, bas\u00e9 \u00e0 Barcelone, est en difficult\u00e9 car la sortie de la voiture SEAT 600 a un impact n\u00e9gatif sur les ventes de motos de moyenne et grosse cylindr\u00e9e. Javier Sanglas, propri\u00e9taire de la marque, commence en 1963 \u00e0 produire des motos 2 temps et de plus petite cylindr\u00e9e sous la marque, Rovena dans l&rsquo;espoir de concurrencer les Montesa, Ossa et le nouveau venu Bultaco. On dit que ce nom est une anagramme de V\u00e9rone, la ville italienne que Sanglas admire. Sanglas qui n&rsquo;a pas l&rsquo;exp\u00e9rience du 2 temps choisit d&rsquo;\u00e9quiper sa gamme Rovena de moteurs Hispano Villers produits sous licence. Le bicylindre 250 cm3 est propos\u00e9 en deux versions, le mod\u00e8le standard fort de 15ch et la Sport, ici pr\u00e9sent\u00e9e, qui, dot\u00e9e de deux carburateurs, annon\u00e7ait 20 ch. Ces twins existent \u00e9galement en 325 cm3, mais ils n&rsquo;auront<span style=\"font-size: 1em;\"> qu&rsquo;un succ\u00e8s limit\u00e9 et la s&rsquo;arr\u00eatera en 1968.<\/span><\/p>\n<p>[\/vc_column_text][\/vc_column][\/vc_row][vc_row][vc_column][vc_single_image image=\u00a0\u00bb8523&Prime; img_size=\u00a0\u00bbfull\u00a0\u00bb alignment=\u00a0\u00bbcenter\u00a0\u00bb onclick=\u00a0\u00bbimg_link_large\u00a0\u00bb][vc_column_text]<\/p>\n<p style=\"font-weight: 400;\"><strong>Sanglas 400 Lujo 1973. <\/strong>Sanglas s&rsquo;est sp\u00e9cialis\u00e9 d\u00e9s ses d\u00e9buts en 1943 dans le gros monocylindre quatre temps. Martin et Javier Sanglas fournissent les administrations et ignorent la comp\u00e9tition, contrairement aux autres constructeurs espagnols. Cr\u00e9\u00e9 en 350 cm3 la Sanglas se dote d&rsquo;une partie cycle plus moderne en 53 passe en 500 cm3 en 1955, se double d&rsquo;une 295 cm3 en 1962 \u00a0puis de cette 400 en 1969 laquelle s&rsquo;offre un d\u00e9marreur \u00e9lectrique en 1973 avec la version ici pr\u00e9sent\u00e9e. Le 400 sera de nouveau am\u00e9lior\u00e9 en 1977 avec un ultime mod\u00e8le F \u00a0produit jusqu&rsquo;en 1978. \u00a0Les usines Sanglas construiront ensuite \u00a0des 400 et 500 bicylindres \u00e0 moteur Yamaha et seront vendues \u00e0 une banque espagnole avant d&rsquo;\u00eatre absorb\u00e9es par Yamaha Motor Espa\u00f1a, SA. en 1982.<\/p>\n<p>[\/vc_column_text][\/vc_column][\/vc_row][vc_row][vc_column][vc_single_image image=\u00a0\u00bb8524&Prime; img_size=\u00a0\u00bbfull\u00a0\u00bb alignment=\u00a0\u00bbcenter\u00a0\u00bb onclick=\u00a0\u00bbimg_link_large\u00a0\u00bb][vc_column_text]<\/p>\n<p style=\"font-weight: 400; text-align: justify;\"><strong>Moto Vespa 125 cm3 attel\u00e9 &#8211; 1953<\/strong>. En 1952, est inaugur\u00e9 la premi\u00e8re usine Seat, alors filiale de Fiat, \u00e0 Barcelone. Pour ne pas \u00eatre en reste, Enrico Piaggio fait construire en un temps record une usine de 6000 m2 dans la banlieue de Madrid, et, en septembre 1952, la premi\u00e8re Vespa sort des cha\u00eenes espagnoles. La soci\u00e9t\u00e9 Moto Vespa SA, dont Piaggio est l&rsquo;actionnaire majoritaire, produit ses scooters Vespa et quelques cyclomoteurs \u00e0 Madrid jusqu&rsquo;en 1987. Cette Vespa 125 cm3 et son side-car de 1953-54, annon\u00e7ait 4 ch \u00e0 4500 tr\/mi, pesait 64 kg et promettait 75 km\/h.<\/p>\n<p>[\/vc_column_text][\/vc_column][\/vc_row]<\/p>\n","protected":false},"excerpt":{"rendered":"<p>[vc_row][vc_column][vc_column_text css=\u00a0\u00bb.vc_custom_1686332981334{border-top-width: 2px !important;border-right-width: 2px !important;border-bottom-width: 2px !important;border-left-width: 2px !important;padding-top: 10px !important;padding-right: 10px !important;padding-bottom: 10px !important;padding-left: 10px !important;background-color: #bad4f2 !important;border-left-color: #4627f7 !important;border-right-color: #4627f7 !important;border-top-color: #4627f7 !important;border-bottom-color: #4627f7 !important;}\u00a0\u00bb] Si vos vacances vous m\u00e8nent (comme les miennes !) sur les petites routes des Pyr\u00e9n\u00e9es, vous connaissez peut \u00eatre le mus\u00e9e National de l\u2019Automobile d\u2019Andorre qui pr\u00e9sente [&hellip;]<\/p>\n","protected":false},"author":1,"featured_media":8512,"comment_status":"open","ping_status":"open","sticky":false,"template":"","format":"standard","meta":[],"categories":[12,2],"tags":[40,297,759,844,845,846,847,848,849,850,851,852],"_links":{"self":[{"href":"https:\/\/www.moto-collection.org\/blog\/wp-json\/wp\/v2\/posts\/8510"}],"collection":[{"href":"https:\/\/www.moto-collection.org\/blog\/wp-json\/wp\/v2\/posts"}],"about":[{"href":"https:\/\/www.moto-collection.org\/blog\/wp-json\/wp\/v2\/types\/post"}],"author":[{"embeddable":true,"href":"https:\/\/www.moto-collection.org\/blog\/wp-json\/wp\/v2\/users\/1"}],"replies":[{"embeddable":true,"href":"https:\/\/www.moto-collection.org\/blog\/wp-json\/wp\/v2\/comments?post=8510"}],"version-history":[{"count":0,"href":"https:\/\/www.moto-collection.org\/blog\/wp-json\/wp\/v2\/posts\/8510\/revisions"}],"wp:featuredmedia":[{"embeddable":true,"href":"https:\/\/www.moto-collection.org\/blog\/wp-json\/wp\/v2\/media\/8512"}],"wp:attachment":[{"href":"https:\/\/www.moto-collection.org\/blog\/wp-json\/wp\/v2\/media?parent=8510"}],"wp:term":[{"taxonomy":"category","embeddable":true,"href":"https:\/\/www.moto-collection.org\/blog\/wp-json\/wp\/v2\/categories?post=8510"},{"taxonomy":"post_tag","embeddable":true,"href":"https:\/\/www.moto-collection.org\/blog\/wp-json\/wp\/v2\/tags?post=8510"}],"curies":[{"name":"wp","href":"https:\/\/api.w.org\/{rel}","templated":true}]}}