{"id":8916,"date":"2023-12-18T10:24:22","date_gmt":"2023-12-18T10:24:22","guid":{"rendered":"https:\/\/www.moto-collection.org\/blog\/?p=8916"},"modified":"2024-04-23T09:00:35","modified_gmt":"2024-04-23T09:00:35","slug":"louis-lepoix-5-de-kreidler-a-maico-puch-et-derbi","status":"publish","type":"post","link":"https:\/\/www.moto-collection.org\/blog\/louis-lepoix-5-de-kreidler-a-maico-puch-et-derbi\/","title":{"rendered":"Louis Lepoix #5 De Kreidler \u00e0 Maico, Puch et Derbi"},"content":{"rendered":"<p>[vc_row][vc_column][vc_column_text]<\/p>\n<div>\n<p class=\"ModRed94\"><b>Voici donc le cinqui\u00e8me et dernier volet de cette s\u00e9rie consacr\u00e9e aux r\u00e9alisations de Louis Lepoix. En phase avec son temps, son bureau de design FTI passe des gros scooters sophistiqu\u00e9s aux 50 cm3 \u00e0 grandes et petites roues avec, en vedette, le Kreidler Florett. Il revient \u00e0 la moto \u00e0 la fin des ann\u00e9es 60 et cr\u00e9e \u00e0 nouveau la mode chez Maico, Puch et Derbi.<\/b><\/p>\n<\/div>\n<p>[\/vc_column_text][\/vc_column][\/vc_row][vc_row][vc_column][vc_column_text]<\/p>\n<div>\n<p class=\"ModRed94\" style=\"text-align: justify;\">R\u00e9sum\u00e9 des chapitres pr\u00e9c\u00e9dents. Nous y avons vu Louis Lepoix d\u00e9buter avec sa <a href=\"https:\/\/www.moto-collection.org\/moto-collection\/fmd-moto-FTI---Louis-Lepoix-6120.htm\" target=\"_blank\" rel=\"noopener\">BMW R12 car\u00e9n\u00e9e<\/a>, puis travailler chez <a href=\"https:\/\/www.moto-collection.org\/moto-collection\/fmd-marque-Horex-195.htm\" target=\"_blank\" rel=\"noopener\">Horex<\/a> et <a href=\"https:\/\/www.moto-collection.org\/moto-collection\/fmd-moto-Walba-9772.htm\" target=\"_blank\" rel=\"noopener\">Walba<\/a>, tenter une collaboration avec Mathis-Le Poulain et <a href=\"https:\/\/www.moto-collection.org\/moto-collection\/fmd-marque-Bernardet-44.htm\" target=\"_blank\" rel=\"noopener\">Bernardet<\/a>, puis devenir c\u00e9l\u00e8bre en Allemagne avec les scooters <a href=\"https:\/\/www.moto-collection.org\/moto-collection\/fmd-moto-Bastert-9901.htm\" target=\"_blank\" rel=\"noopener\">Bastert<\/a>, <a href=\"https:\/\/www.moto-collection.org\/moto-collection\/fmd-moto-Maico-4215.htm\" target=\"_blank\" rel=\"noopener\">Maicoletta<\/a> et TWN Contessa. Nous sommes au milieu des ann\u00e9es 50 et les petites voitures \u00e9conomiques viennent de signer l\u2019arr\u00eat de mort des gros scooters en attendant de porter un coup fatal aux motos. Les uns et les autres ne renaitront de leurs cendres que beaucoup plus tard et dans une conjoncture bien diff\u00e9rente. En attendant, les bureaux FTI de Louis Lepoix se tournent vers les deux-roues qui vont inventer les ann\u00e9es soixante, les cyclos et les mini scooters. <span style=\"font-size: 1em;\">De 1956 \u00e0 1964, il travaille aussi pour les moteurs JLO et de 1958 \u00e0 66 pour les Sachs (entre autres pour ses moteurs rotatifs), ce qui m\u00e9rite d\u2019\u00eatre signal\u00e9, car il est alors tout \u00e0 fait exceptionnel que des motoristes engagent un designer.<\/span><\/p>\n<\/div>\n<div>\n<p class=\"ModRed94\">\u00a0<\/p>\n<\/div>\n<p>[\/vc_column_text][\/vc_column][\/vc_row][vc_row][vc_column][vc_single_image image=\u00a0\u00bb8933&Prime; img_size=\u00a0\u00bbfull\u00a0\u00bb add_caption=\u00a0\u00bbyes\u00a0\u00bb alignment=\u00a0\u00bbcenter\u00a0\u00bb][vc_column_text]<\/p>\n<div>\n<p class=\"ModRed94\" style=\"text-align: justify;\">Louis Lepoix fait ses premi\u00e8res armes dans le monde des cyclomoteurs ou assimil\u00e9s avec le<a href=\"https:\/\/www.moto-collection.org\/moto-collection\/fmd-moto-Riva-Sport---RSI-6213.htm\" target=\"_blank\" rel=\"noopener\"> Sulky de RSI<\/a> \u00e0 roues de 16\u201d dessin\u00e9 pour Riva Sport Industrie \u00e0 Vichy et qui sera sa seule r\u00e9alisation industrielle de deux roues en France. Le Sulky appara\u00eet au salon de 1953 anim\u00e9 par un 65 cm3 SER (Ets S\u00e9rouge \u00e0 Levallois). D\u00e8s le salon suivant la motorisation est confi\u00e9e \u00e0 un AMC Mustang de 100 cm<sup>3<\/sup> tandis que les ultimes versions pr\u00e9sent\u00e9es fin\u00a01956 passent au 125 AMC Isard et troquent leur \u00e9l\u00e9gante fourche parall\u00e9logramme en t\u00f4le emboutie et anneaux Neiman pour une t\u00e9lescopique. Le Sulky sera produit de 1953 \u00e0 1958 par RSI et repris ensuite en Espagne sous le label <a href=\"https:\/\/www.moto-collection.org\/moto-collection\/fmd-marque-Rieju-1975.htm\" target=\"_blank\" rel=\"noopener\">Rieju <\/a>avec une esth\u00e9tique totalement revue.<\/p>\n<\/div>\n<div>\n<p class=\"ModRed94\">\u00a0<\/p>\n<\/div>\n<p>[\/vc_column_text][vc_single_image image=\u00a0\u00bb8917&Prime; img_size=\u00a0\u00bbfull\u00a0\u00bb add_caption=\u00a0\u00bbyes\u00a0\u00bb alignment=\u00a0\u00bbcenter\u00a0\u00bb][\/vc_column][\/vc_row][vc_row][vc_column][vc_column_text]<\/p>\n<p><strong>Victoria<\/strong><\/p>\n<p>Alors que la moto rentre dans la pire crise de son histoire, Victoria tente d\u00e9sesp\u00e9r\u00e9ment de redresser la barre en proposant des produits innovants, en particulier les 200 cm3 <a href=\"https:\/\/www.moto-collection.org\/moto-collection\/fmd-moto-Victoria-5705.htm\" target=\"_blank\" rel=\"noopener\">Swing<\/a> et <a href=\"https:\/\/www.moto-collection.org\/moto-collection\/fmd-moto-Victoria-9786.htm\" target=\"_blank\" rel=\"noopener\">Peggy<\/a> qui sont pr\u00e9sent\u00e9s au salon IFMA \u00e0 Francfort en 1953 avec une vraie r\u00e9volution, une\u00a0 bo\u00eete de vitesses semi automatique \u00e0 commande \u00e9lectromagn\u00e9tique par boutons au guidon. Pour r\u00e9aliser ces deux motos\u00a0Victoria a fait appel pour style de la Peggy \u00e0 Louis Lepoix et pour le concept m\u00e9canique des deux \u00e0 Norbert Riedel, le brillant cr\u00e9ateur des <a href=\"https:\/\/www.moto-collection.org\/moto-collection\/fmd-moto-Imme-Riedel-2507.htm\" target=\"_blank\" rel=\"noopener\">100 et 200 Imme<\/a>. Juch\u00e9e sur des roues de 16 pouces, la <a href=\"https:\/\/www.moto-collection.org\/moto-collection\/fmd-moto-Victoria-9786.htm\" target=\"_blank\" rel=\"noopener\">Victoria Peggy<\/a> tente, malheureusement sans succ\u00e8s, d&rsquo;imposer le concept de la moto scooter. 50 ans plus tard, l&rsquo;id\u00e9e aurait \u00e9t\u00e9 applaudie, mais au milieu des ann\u00e9es 50, elle ne fit que pousser Victoria vers sa fin.<\/p>\n<p>[\/vc_column_text][vc_single_image image=\u00a0\u00bb8932&Prime; img_size=\u00a0\u00bbfull\u00a0\u00bb add_caption=\u00a0\u00bbyes\u00a0\u00bb alignment=\u00a0\u00bbcenter\u00a0\u00bb][\/vc_column][\/vc_row][vc_row][vc_column][vc_column_text]<\/p>\n<div>\n<p class=\"ModRed94\"><b>Kreidler<\/b><\/p>\n<\/div>\n<div>\n<p class=\"ModRed94\" style=\"text-align: justify;\">Dommage, il connaitra sa plus grande gloire dans le m\u00eame domaine et de l\u2019autre c\u00f4t\u00e9 du Rhin avec ses r\u00e9alisations pour <a href=\"https:\/\/www.moto-collection.org\/moto-collection\/fmd-moto-Kreidler-1912.htm\" target=\"_blank\" rel=\"noopener\">Kreidler<\/a>. Son premier projet pour la marque est le 50 K con\u00e7u en 1952, un 50 cm3 car\u00e9n\u00e9, bien s\u00fbr, en t\u00f4le d\u2019aluminium, on commence \u00e0 conna\u00eetre l\u2019attirance du designer pour les alliages l\u00e9gers. Les 50 s\u00e9rie K sont suivis en 1956 par la gamme Amazone et la m\u00eame ann\u00e9e, par le Florett qui va conna\u00eetre la plus extraordinaire des carri\u00e8res. Bien soutenu, il est vrai, par la supr\u00e9matie absolue de ses versions course sur tous les circuits \u00e0 partir de 1959 qui marque le d\u00e9but des courses en 50 cm3 en Allemagne. En 1966, Kreidler am\u00e9liorera encore sa copie en transformant le Florett en vraie petite moto : r\u00e9servoir plus horizontal et rejoignant la selle et habillage plus enveloppant du cadre en U.<\/p>\n<\/div>\n<p>[\/vc_column_text][vc_single_image image=\u00a0\u00bb8918&Prime; img_size=\u00a0\u00bbfull\u00a0\u00bb add_caption=\u00a0\u00bbyes\u00a0\u00bb alignment=\u00a0\u00bbcenter\u00a0\u00bb][vc_single_image image=\u00a0\u00bb8919&Prime; img_size=\u00a0\u00bbfull\u00a0\u00bb add_caption=\u00a0\u00bbyes\u00a0\u00bb alignment=\u00a0\u00bbcenter\u00a0\u00bb][vc_single_image image=\u00a0\u00bb8920&Prime; img_size=\u00a0\u00bbfull\u00a0\u00bb add_caption=\u00a0\u00bbyes\u00a0\u00bb alignment=\u00a0\u00bbcenter\u00a0\u00bb][vc_single_image image=\u00a0\u00bb8921&Prime; img_size=\u00a0\u00bbfull\u00a0\u00bb add_caption=\u00a0\u00bbyes\u00a0\u00bb alignment=\u00a0\u00bbcenter\u00a0\u00bb][\/vc_column][\/vc_row][vc_row][vc_column][vc_column_text]<\/p>\n<div>\n<p class=\"ModRed94\" style=\"text-align: justify;\"><b>Pfaff<\/b><\/p>\n<\/div>\n<div>\n<p class=\"ModRed94\" style=\"text-align: justify;\">En 1959, Lepoix est approch\u00e9 par Pfaff Gritzner plus connu pour ses machines \u00e0 coudre et qui pense \u00e0 se diversifier dans les deux-roues. <span style=\"font-size: 1em;\">Aucun des trois projets r\u00e9alis\u00e9s ne verra le jour, mais ils sont justement int\u00e9ressants parce que la marque qui n\u2019avait aucun pass\u00e9 dans ce secteur a laiss\u00e9 libre cours \u00e0 l\u2019imagination du designer pour lui proposer un produit d\u2019avenir. Apr\u00e8s un projet de cyclomoteur, Lepoix construira ainsi en 1959 un prototype de scooter 50 cm3<\/span><span style=\"font-size: 1em;\"> \u00e0 carrosserie en acier puis, l\u2019ann\u00e9e suivante, deux versions d\u2019un petit scooter \u00e0 carrosserie plastique aussi simple que futuriste. <\/span><span style=\"font-size: 1em;\">Ces belles id\u00e9es consid\u00e9r\u00e9es comme trop modernes pour \u00eatre commercialisables restent \u00e9videmment sans suite.<\/span><\/p>\n<div>\n<p class=\"ModRed94\">\u00a0<\/p>\n<\/div>\n<\/div>\n<p>[\/vc_column_text][vc_single_image image=\u00a0\u00bb8922&Prime; img_size=\u00a0\u00bbfull\u00a0\u00bb add_caption=\u00a0\u00bbyes\u00a0\u00bb alignment=\u00a0\u00bbcenter\u00a0\u00bb][vc_single_image image=\u00a0\u00bb8923&Prime; img_size=\u00a0\u00bbfull\u00a0\u00bb add_caption=\u00a0\u00bbyes\u00a0\u00bb alignment=\u00a0\u00bbcenter\u00a0\u00bb][\/vc_column][\/vc_row][vc_row][vc_column][vc_column_text]<\/p>\n<div>\n<p class=\"ModRed94\"><b>Maico<\/b><\/p>\n<\/div>\n<div>\n<p class=\"ModRed94\" style=\"text-align: justify;\">Apr\u00e8s avoir dessin\u00e9 avec un grand succ\u00e8s le <a href=\"https:\/\/www.moto-collection.org\/moto-collection\/fmd-moto-Maico-4215.htm\" target=\"_blank\" rel=\"noopener\">Maicoletta<\/a> en 1957, Louis Lepoix revient chez la marque en 1964 pour dessiner sa nouvelle gamme de cyclo sport et de <a href=\"https:\/\/www.moto-collection.org\/moto-collection\/fmd-moto-Maico-7815.htm\" target=\"_blank\" rel=\"noopener\">125 cm3<\/a> avec des lignes anguleuses et agressives qui changent totalement du style habituel de Maico comme du designer.<\/p>\n<\/div>\n<div>\n<p class=\"ModRed94\"><b>\u00a0<\/b><\/p>\n<\/div>\n<p>[\/vc_column_text][vc_single_image image=\u00a0\u00bb8927&Prime; img_size=\u00a0\u00bbfull\u00a0\u00bb add_caption=\u00a0\u00bbyes\u00a0\u00bb alignment=\u00a0\u00bbcenter\u00a0\u00bb][vc_single_image image=\u00a0\u00bb8928&Prime; img_size=\u00a0\u00bbfull\u00a0\u00bb add_caption=\u00a0\u00bbyes\u00a0\u00bb alignment=\u00a0\u00bbcenter\u00a0\u00bb][\/vc_column][\/vc_row][vc_row][vc_column][vc_column_text]<\/p>\n<div>\n<p class=\"ModRed94\" style=\"text-align: justify;\"><b>Puch<\/b><\/p>\n<\/div>\n<div style=\"text-align: justify;\">\n<p class=\"ModRed94\">En 1964 d\u00e9bute la plus longue collaboration de Louis Lepoix avec une marque, en l\u2019occurrence Steyr Daimler Puch, pour qui il va dessiner une quantit\u00e9 de produits et m\u00eame des cabines de tracteurs et le fameux Pinzgauer, mais cantonons-nous aux deux roues qu\u2019il cr\u00e9e pour Puch entre 1964 et 1976 avec une multitude de projets qui vont totalement moderniser l\u2019image de la tr\u00e8s vieille marque autrichienne.<\/p>\n<\/div>\n<div style=\"text-align: justify;\">\n<p class=\"ModRed94\">On retiendra un cyclomoteur sport en 1964, suivi par deux cyclo-scooters en 1965 et 1966. Cette m\u00eame ann\u00e9e 1966, la 250 SGS adopte un r\u00e9servoir aux lignes anguleuses qui marque une transition dans le style et FTI dessine en <a href=\"https:\/\/www.moto-collection.org\/moto-collection\/fmd-moto-Puch-4916.htm\" target=\"_blank\" rel=\"noopener\">1966 la M 125<\/a> qui sera commercialis\u00e9e en 1968 et qui abandonne totalement les formes rondouillardes des anciennes g\u00e9n\u00e9rations pour des lignes plus tendues et des angles vifs.<\/p>\n<\/div>\n<div>\n<p class=\"ModRed94\" style=\"text-align: justify;\">On retrouve cette m\u00eame esth\u00e9tique sur les projets communs <a href=\"https:\/\/www.moto-collection.org\/moto-collection\/fmd-moto-BMW---Puch-7501.htm\" target=\"_blank\" rel=\"noopener\">BMW-Puch de 1969<\/a> de bicylindres 250 et 350\u00a0cm<sup>3<\/sup> \u00e0 simple ACT. Les derni\u00e8res \u00e9tudes pour Puch seront le cyclomoteur Maxi en 1973 qui connaitra en Allemagne un succ\u00e8s \u00e9quivalent \u00e0 celui de la Mobylette chez nous, puis diff\u00e9rents projets mineurs en 50 et 80\u00a0cm<sup>3<\/sup> et un ultime dessin de scooter en 1976.<\/p>\n<\/div>\n<p>[\/vc_column_text][vc_single_image image=\u00a0\u00bb8924&Prime; img_size=\u00a0\u00bbfull\u00a0\u00bb add_caption=\u00a0\u00bbyes\u00a0\u00bb alignment=\u00a0\u00bbcenter\u00a0\u00bb][vc_single_image image=\u00a0\u00bb8925&Prime; img_size=\u00a0\u00bbfull\u00a0\u00bb add_caption=\u00a0\u00bbyes\u00a0\u00bb alignment=\u00a0\u00bbcenter\u00a0\u00bb][vc_single_image image=\u00a0\u00bb8926&Prime; img_size=\u00a0\u00bbfull\u00a0\u00bb add_caption=\u00a0\u00bbyes\u00a0\u00bb alignment=\u00a0\u00bbcenter\u00a0\u00bb][vc_single_image image=\u00a0\u00bb8929&Prime; img_size=\u00a0\u00bbfull\u00a0\u00bb add_caption=\u00a0\u00bbyes\u00a0\u00bb alignment=\u00a0\u00bbcenter\u00a0\u00bb][\/vc_column][\/vc_row][vc_row][vc_column][vc_column_text]<\/p>\n<div>\n<p class=\"ModRed94\"><b>Derbi<\/b><\/p>\n<\/div>\n<div>\n<p class=\"ModRed94\" style=\"text-align: justify;\">Parall\u00e8lement, FTI, qui \u00e9tend d\u00e9sormais ses succursales dans toute l\u2019Europe et m\u00eame aux \u00c9tats-Unis, travaille pour Derbi en Espagne pour qui il dessine un projet de moto 125 cm<sup>3<\/sup> en 1971 qui deviendra finalement la<a href=\"https:\/\/www.moto-collection.org\/moto-collection\/fmd-moto-Derbi-7717.htm\" target=\"_blank\" rel=\"noopener\"> 2002\u00a0GT en 1975<\/a>\u00a0; puis le 50 Antorcha en 1972, deux r\u00e9alisations aux lignes aussi modernes que dynamiques qui vont totalement moderniser l\u2019image de la marque et la relancer au niveau international.<\/p>\n<\/div>\n<div>\n<p class=\"ModRed94\" style=\"text-align: justify;\"><b>\u00a0<\/b><\/p>\n<\/div>\n<p>[\/vc_column_text][vc_single_image image=\u00a0\u00bb8930&Prime; img_size=\u00a0\u00bbfull\u00a0\u00bb add_caption=\u00a0\u00bbyes\u00a0\u00bb alignment=\u00a0\u00bbcenter\u00a0\u00bb][vc_single_image image=\u00a0\u00bb8931&Prime; img_size=\u00a0\u00bbfull\u00a0\u00bb add_caption=\u00a0\u00bbyes\u00a0\u00bb alignment=\u00a0\u00bbcenter\u00a0\u00bb][\/vc_column][\/vc_row]<\/p>\n","protected":false},"excerpt":{"rendered":"<p>[vc_row][vc_column][vc_column_text] Voici donc le cinqui\u00e8me et dernier volet de cette s\u00e9rie consacr\u00e9e aux r\u00e9alisations de Louis Lepoix. En phase avec son temps, son bureau de design FTI passe des gros scooters sophistiqu\u00e9s aux 50 cm3 \u00e0 grandes et petites roues avec, en vedette, le Kreidler Florett. Il revient \u00e0 la moto \u00e0 la fin des [&hellip;]<\/p>\n","protected":false},"author":1,"featured_media":8934,"comment_status":"open","ping_status":"open","sticky":false,"template":"","format":"standard","meta":[],"categories":[12,13],"tags":[124,148,149,886,887],"_links":{"self":[{"href":"https:\/\/www.moto-collection.org\/blog\/wp-json\/wp\/v2\/posts\/8916"}],"collection":[{"href":"https:\/\/www.moto-collection.org\/blog\/wp-json\/wp\/v2\/posts"}],"about":[{"href":"https:\/\/www.moto-collection.org\/blog\/wp-json\/wp\/v2\/types\/post"}],"author":[{"embeddable":true,"href":"https:\/\/www.moto-collection.org\/blog\/wp-json\/wp\/v2\/users\/1"}],"replies":[{"embeddable":true,"href":"https:\/\/www.moto-collection.org\/blog\/wp-json\/wp\/v2\/comments?post=8916"}],"version-history":[{"count":0,"href":"https:\/\/www.moto-collection.org\/blog\/wp-json\/wp\/v2\/posts\/8916\/revisions"}],"wp:featuredmedia":[{"embeddable":true,"href":"https:\/\/www.moto-collection.org\/blog\/wp-json\/wp\/v2\/media\/8934"}],"wp:attachment":[{"href":"https:\/\/www.moto-collection.org\/blog\/wp-json\/wp\/v2\/media?parent=8916"}],"wp:term":[{"taxonomy":"category","embeddable":true,"href":"https:\/\/www.moto-collection.org\/blog\/wp-json\/wp\/v2\/categories?post=8916"},{"taxonomy":"post_tag","embeddable":true,"href":"https:\/\/www.moto-collection.org\/blog\/wp-json\/wp\/v2\/tags?post=8916"}],"curies":[{"name":"wp","href":"https:\/\/api.w.org\/{rel}","templated":true}]}}