{"id":8975,"date":"2024-05-17T09:54:49","date_gmt":"2024-05-17T09:54:49","guid":{"rendered":"https:\/\/www.moto-collection.org\/blog\/?p=8975"},"modified":"2024-05-17T15:59:05","modified_gmt":"2024-05-17T15:59:05","slug":"vintage-revival-montlhery-2024-encore-encore-encore","status":"publish","type":"post","link":"https:\/\/www.moto-collection.org\/blog\/vintage-revival-montlhery-2024-encore-encore-encore\/","title":{"rendered":"Vintage Revival Montlh\u00e9ry 2024 : ENCORE, encore, encore&#8230;"},"content":{"rendered":"<p>[vc_row][vc_column][vc_column_text]<\/p>\n<p style=\"font-weight: 400; text-align: justify;\"><strong>Mille mercis et bravos \u00e0 Vincent Chamon, Jean-Piere Olayat et toute l&rsquo;\u00e9quipe du VRM pour cette organisation parfaite dans les moindres d\u00e9tails et pour avoir r\u00e9uni un tel plateau autour de l&rsquo;anneau de Montlh\u00e9ry pour son centenaire. On ne pouvait r\u00eaver d&rsquo;une plus belle f\u00eate d&rsquo;anniversaire. C&rsquo;est le dernier, disent les rumeurs, mais tous refusent d&rsquo;y croire. C&rsquo;\u00e9tait \u00ab\u00a0trop bien\u00a0\u00bb comme disent les djeuns.<\/strong><\/p>\n<blockquote>\n<p style=\"font-weight: 400; text-align: justify;\"><span style=\"color: #808080;\">Mes copains et moi avons pris quelques vues, mais pas de toutes les motos pr\u00e9sentes \u00e9videmment ; heureusement l&rsquo;\u00e9quipe du <strong><a href=\"https:\/\/www.flickr.com\/photos\/127523398@N02\/albums\" target=\"_blank\" rel=\"noopener\">VRM a publi\u00e9 sur Flikr<\/a><\/strong> toutes les photos des machines envoy\u00e9es par les engag\u00e9s avec les d\u00e9nominations pr\u00e9cises des motos, ce qui vous servira bien pour l\u00e9gender les v\u00f4tres. <\/span><span style=\"color: #333333; font-size: 1em;\"><span style=\"color: #808080;\">On trouve \u00e9galement <strong><a href=\"http:\/\/www.vintage-revival.fr\/?page_id=183\" target=\"_blank\" rel=\"noopener\">sur le site du VRM,<\/a><\/strong> les listes de tous les engag\u00e9s.<\/span><\/span><\/p>\n<\/blockquote>\n<p style=\"text-align: center;\"><span style=\"color: #666699;\">Un clic sur les photos dont la l\u00e9gende est sur fond bleu ouvre la fiche correspondante.<\/span><\/p>\n<p>[\/vc_column_text][\/vc_column][\/vc_row][vc_row][vc_column][vc_single_image image=\u00a0\u00bb8977&Prime; img_size=\u00a0\u00bbfull\u00a0\u00bb add_caption=\u00a0\u00bbyes\u00a0\u00bb alignment=\u00a0\u00bbcenter\u00a0\u00bb style=\u00a0\u00bbvc_box_border_circle_2&Prime; border_color=\u00a0\u00bbblue\u00a0\u00bb onclick=\u00a0\u00bbcustom_link\u00a0\u00bb img_link_target=\u00a0\u00bb_blank\u00a0\u00bb link=\u00a0\u00bbhttps:\/\/www.moto-collection.org\/moto-collection\/fmd-moto-Peugeot-1007.htm\u00a0\u00bb][vc_column_text]<\/p>\n<p style=\"font-weight: 400;\"><strong>1924 : Deux 500 Peugeot inaugurent l&rsquo;anneau et remportent le GP de France<\/strong><\/p>\n<p><strong>2024 : Les deux Peugeot se retrouvent \u00e0 Montlh\u00e9ry pour f\u00eater le centenaire.<\/strong> Voici 9 ans et demi, le 12 octobre 1924, le Grand Prix de France, toute premi\u00e8re \u00e9preuve inaugurant le nouvel anneau de Montlh\u00e9ry, \u00e9tait remport\u00e9e dans la cat\u00e9gorie reine des 500 cm3 par deux <a href=\"https:\/\/www.moto-collection.org\/moto-collection\/fmd-moto-Peugeot-1007.htm\" target=\"_blank\" rel=\"noopener\">Peugeot M2 bicylindres \u00e0 simple arbre \u00e0 cames en t\u00eate<\/a> pilot\u00e9es par Jean Richard suivi de Paul P\u00e9an. Au seul exemplaire survivant connu jusqu&rsquo;alors, restaur\u00e9 et conserv\u00e9 par Jean Nougier, s&rsquo;ajoute aujourd&rsquo;hui un autre dont le moteur a \u00e9t\u00e9 r\u00e9cemment d\u00e9couvert par Eric Miniussi. Il en termine actuellement la restauration apr\u00e8s avoir remport\u00e9 le grand prix de la Fondation du Patrimoine &#8211; Motul en 1921. La moto tout juste remont\u00e9e \u00ab\u00a0\u00e0 blanc\u00a0\u00bb pour l&rsquo;occasion effectuait sa premi\u00e8re sortie publique au VRM, nous offrant ainsi, pour la premi\u00e8re fois depuis cent ans ou presque, l&rsquo;occasion de voir ensemble deux <a href=\"https:\/\/www.moto-collection.org\/moto-collection\/fmd-moto-Peugeot-1007.htm\" target=\"_blank\" rel=\"noopener\">Peugeot 500 M2 de Grand Prix<\/a>, l&rsquo;une des machines les plus performantes de son temps. Signalons quand m\u00eame que les deux versions pr\u00e9sentes ne sont pas celles de 1924 mais des versions de 26, diff\u00e9rentes sous quelques points, en particulier la partie cycle.<\/p>\n<p>[\/vc_column_text][\/vc_column][\/vc_row][vc_row][vc_column width=\u00a0\u00bb1\/2&Prime;][vc_single_image image=\u00a0\u00bb8978&Prime; img_size=\u00a0\u00bblarge\u00a0\u00bb add_caption=\u00a0\u00bbyes\u00a0\u00bb alignment=\u00a0\u00bbcenter\u00a0\u00bb onclick=\u00a0\u00bbimg_link_large\u00a0\u00bb][\/vc_column][vc_column width=\u00a0\u00bb1\/2&Prime;][vc_single_image image=\u00a0\u00bb8979&Prime; img_size=\u00a0\u00bblarge\u00a0\u00bb alignment=\u00a0\u00bbcenter\u00a0\u00bb][\/vc_column][\/vc_row][vc_row][vc_column][vc_column_text]<\/p>\n<p><strong><span style=\"font-size: 20px;\">Des clubs&#8230;<\/span><\/strong><\/p>\n<p><strong>Koelher-Escoffier \/ Monet Goyon<\/strong><\/p>\n<p>Une belle brochette des mod\u00e8les des deux marques bourguignonnes devant une superbe photo sur b\u00e2che d&rsquo;un magasin de la marque.<\/p>\n<p>&nbsp;<\/p>\n<p>[\/vc_column_text][vc_single_image image=\u00a0\u00bb8980&Prime; img_size=\u00a0\u00bbfull\u00a0\u00bb add_caption=\u00a0\u00bbyes\u00a0\u00bb alignment=\u00a0\u00bbcenter\u00a0\u00bb style=\u00a0\u00bbvc_box_shadow_3d\u00a0\u00bb onclick=\u00a0\u00bbcustom_link\u00a0\u00bb link=\u00a0\u00bbhttps:\/\/www.moto-collection.org\/moto-collection\/fmd-moto-Monet-Goyon-7111.htm\u00a0\u00bb css=\u00a0\u00bb.vc_custom_1715878898159{background-color: #a0d4f7 !important;}\u00a0\u00bb][vc_single_image image=\u00a0\u00bb8981&Prime; img_size=\u00a0\u00bbfull\u00a0\u00bb add_caption=\u00a0\u00bbyes\u00a0\u00bb alignment=\u00a0\u00bbcenter\u00a0\u00bb style=\u00a0\u00bbvc_box_shadow_border\u00a0\u00bb onclick=\u00a0\u00bbcustom_link\u00a0\u00bb link=\u00a0\u00bbhttps:\/\/www.moto-collection.org\/moto-collection\/fmd-moto-Monet-Goyon-1011.htm\u00a0\u00bb css=\u00a0\u00bb.vc_custom_1715938807577{background-color: #a0d4f7 !important;}\u00a0\u00bb][vc_single_image image=\u00a0\u00bb8982&Prime; img_size=\u00a0\u00bbfull\u00a0\u00bb add_caption=\u00a0\u00bbyes\u00a0\u00bb alignment=\u00a0\u00bbcenter\u00a0\u00bb onclick=\u00a0\u00bbimg_link_large\u00a0\u00bb][\/vc_column][\/vc_row][vc_row][vc_column][vc_column_text]<\/p>\n<p><strong>New Motorcycle \/ Majestic<\/strong><\/p>\n<p>Les motos construites par Georges Roy \u00e9taient \u00e0 l&rsquo;honneur et Daniel Pichard exposait sous son barnum cinq New Motorcycle et deux Majestic que l&rsquo;on put aussi voir en piste.<\/p>\n<p>[\/vc_column_text][vc_single_image image=\u00a0\u00bb8983&Prime; img_size=\u00a0\u00bbfull\u00a0\u00bb alignment=\u00a0\u00bbcenter\u00a0\u00bb onclick=\u00a0\u00bbimg_link_large\u00a0\u00bb][vc_single_image image=\u00a0\u00bb8984&Prime; img_size=\u00a0\u00bbfull\u00a0\u00bb add_caption=\u00a0\u00bbyes\u00a0\u00bb alignment=\u00a0\u00bbcenter\u00a0\u00bb style=\u00a0\u00bbvc_box_shadow_border\u00a0\u00bb onclick=\u00a0\u00bbcustom_link\u00a0\u00bb img_link_target=\u00a0\u00bb_blank\u00a0\u00bb link=\u00a0\u00bbhttps:\/\/www.moto-collection.org\/moto-collection\/fmd-moto-New-Motorcycle-4615.htm\u00a0\u00bb css=\u00a0\u00bb.vc_custom_1715938727323{background-color: #a0d4f7 !important;}\u00a0\u00bb][\/vc_column][\/vc_row][vc_row][vc_column][vc_column_text]<\/p>\n<p><strong>Nougier<\/strong><\/p>\n<p>Toujours pr\u00e9sente, l&rsquo;\u00e9curie <a href=\"https:\/\/www.moto-collection.org\/moto-collection\/fmd-moto-Nougier-915.htm\" target=\"_blank\" rel=\"noopener\">Nougier<\/a> avait amen\u00e9 une 350 double ACT d&rsquo;avant guerre avec cylindre et culasse alu, la <a href=\"https:\/\/www.moto-collection.org\/moto-collection\/fmd-moto-Jonghi-2911.htm\" target=\"_blank\" rel=\"noopener\">350 Jonghi des records \u00e0 Montlh\u00e9ry<\/a> (photo ci-dessous) et, bien s\u00fbr, la <a href=\"https:\/\/www.moto-collection.org\/moto-collection\/fmd-moto-Peugeot-1007.htm\" target=\"_blank\" rel=\"noopener\">Peugeot 500 M2 de Grand Prix version 1926<\/a> si souvent victorieuse de 1923 \u00e0 26.<\/p>\n<p>[\/vc_column_text][vc_single_image image=\u00a0\u00bb8985&Prime; img_size=\u00a0\u00bbfull\u00a0\u00bb alignment=\u00a0\u00bbcenter\u00a0\u00bb style=\u00a0\u00bbvc_box_shadow_3d\u00a0\u00bb onclick=\u00a0\u00bbimg_link_large\u00a0\u00bb css=\u00a0\u00bb.vc_custom_1715878983559{background-color: #85a4bf !important;}\u00a0\u00bb][\/vc_column][\/vc_row][vc_row][vc_column][vc_column_text]<\/p>\n<p><strong>Indian<\/strong><\/p>\n<p>Le club Indian toujours tr\u00e8s actif, se distinguait cette fois par un mod\u00e8le de course unique et neuf ! La 750 Indian Altuna construite en 1928 \u00e0 quatre unit\u00e9s seulement est n\u00e9e au au mauvais moment, juste avant la crise de 29 et cet exemplaire, rest\u00e9 cach\u00e9 sous un escalier, n&rsquo;a \u00e9t\u00e9 rachet\u00e9 que r\u00e9cemment par Alan Forbes. Pr\u00e9vu pour courir en Europe, cette 750 culbut\u00e9e a de curieuses caract\u00e9ristiques avec deux arbres \u00e0 cames portant chacun deux cames. J&rsquo;y reviendrai en d\u00e9tails prochainement.<\/p>\n<p>[\/vc_column_text][vc_single_image image=\u00a0\u00bb8992&Prime; img_size=\u00a0\u00bbfull\u00a0\u00bb add_caption=\u00a0\u00bbyes\u00a0\u00bb alignment=\u00a0\u00bbcenter\u00a0\u00bb onclick=\u00a0\u00bbimg_link_large\u00a0\u00bb][\/vc_column][\/vc_row][vc_row][vc_column][vc_column_text]<\/p>\n<p><strong><span style=\"font-size: 20px;\">Des mus\u00e9es\u2026<\/span><\/strong><\/p>\n<p><strong> Deutsche Zweirad Museum &#8211; Neckarsulm\u00a0<\/strong><\/p>\n<p>Ils ne ratent pas un VRM avec trois machines d&rsquo;exception sous leur barnum dont une NSU 500 SS de 1930 dont le responsable technique du mus\u00e9e, Sven Heimberger, montre qu&rsquo;il sait parfaitement s&rsquo;en servir.<\/p>\n<p>[\/vc_column_text][vc_single_image image=\u00a0\u00bb8986&Prime; img_size=\u00a0\u00bbfull\u00a0\u00bb add_caption=\u00a0\u00bbyes\u00a0\u00bb alignment=\u00a0\u00bbcenter\u00a0\u00bb onclick=\u00a0\u00bbimg_link_large\u00a0\u00bb][vc_column_text]<\/p>\n<p>De Grande-Bretagne, le <strong>Brookland&rsquo;s Museum<\/strong> tenait sa place habituelle avec tant de motos autour qu&rsquo;on ne savait plus lesquelles \u00e9taient du mus\u00e9e ou de leur amis.<\/p>\n<p>De Suisse m\u00eame, avec un nouveau mus\u00e9e bienvenu cr\u00e9\u00e9 en 2018, La <strong>fondation Mais-Je-Vais-Piquer (MJP) 1909<\/strong> qui expose sur les bords un lac L\u00e9man une belle s\u00e9rie d&rsquo;autos et de motos.<\/p>\n<p>En attendant, nos mus\u00e9es nationaux ne se montr\u00e8rent gu\u00e8re dans la partie moto et c&rsquo;est bien dommage.<\/p>\n<p>[\/vc_column_text][\/vc_column][\/vc_row][vc_row][vc_column][vc_column_text]<\/p>\n<p><span style=\"font-size: 20px;\"><strong>Vendeurs d&rsquo;exception et exposants indispensables<\/strong><\/span><\/p>\n<p><strong>Yesterdays<\/strong><\/p>\n<p>Trois exceptions des ann\u00e9es 20, la <a href=\"https:\/\/www.moto-collection.org\/moto-collection\/fmd-moto-Mars-4512.htm\" target=\"_blank\" rel=\"noopener\">Mars 1000 flat twin<\/a>, une <a href=\"https:\/\/www.moto-collection.org\/moto-collection\/fmd-moto-Megola-9314.htm\" target=\"_blank\" rel=\"noopener\">Megola 640 Touring<\/a>, et <a href=\"https:\/\/www.moto-collection.org\/blog\/windhoff-750-et-1000-quatre-cylindres-des-berlinoises-revolutionnaires\/\" target=\"_blank\" rel=\"noopener\">une Windhoff \u00e0 quatre cylindres refroidis par huile<\/a> en avant-sc\u00e8ne plus dix \u00e0 quinze autres motos tout aussi rares \u00e0 l&rsquo;int\u00e9rieur. La grande tente qui abrite en particulier Yesterdays est immanquable. Bon, il faut d\u00e9bourser quelques sous pour repartir avec l&rsquo;une de ces motos, mais la raret\u00e9 a un prix.<\/p>\n<p>[\/vc_column_text][vc_single_image image=\u00a0\u00bb8987&Prime; img_size=\u00a0\u00bbfull\u00a0\u00bb add_caption=\u00a0\u00bbyes\u00a0\u00bb alignment=\u00a0\u00bbcenter\u00a0\u00bb style=\u00a0\u00bbvc_box_shadow_3d\u00a0\u00bb onclick=\u00a0\u00bbcustom_link\u00a0\u00bb img_link_target=\u00a0\u00bb_blank\u00a0\u00bb link=\u00a0\u00bbhttps:\/\/www.moto-collection.org\/moto-collection\/fmd-moto-Mars-4512.htm\u00a0\u00bb css=\u00a0\u00bb.vc_custom_1715879030828{background-color: #85a4bf !important;}\u00a0\u00bb][vc_single_image image=\u00a0\u00bb8988&Prime; img_size=\u00a0\u00bbfull\u00a0\u00bb add_caption=\u00a0\u00bbyes\u00a0\u00bb alignment=\u00a0\u00bbcenter\u00a0\u00bb style=\u00a0\u00bbvc_box_shadow_3d\u00a0\u00bb onclick=\u00a0\u00bbcustom_link\u00a0\u00bb img_link_target=\u00a0\u00bb_blank\u00a0\u00bb link=\u00a0\u00bbhttps:\/\/www.moto-collection.org\/moto-collection\/fmd-moto-Megola-9314.htm\u00a0\u00bb css=\u00a0\u00bb.vc_custom_1715879053814{background-color: #85a4bf !important;}\u00a0\u00bb][\/vc_column][\/vc_row][vc_row][vc_column][vc_column_text]<\/p>\n<p><strong>Classic Motorcycles.nl<\/strong><\/p>\n<p>Vitrine plus modeste, mais avec une belle AJS 350 \u00e0 soupapes culbut\u00e9es de 1929.<\/p>\n<p>[\/vc_column_text][vc_single_image image=\u00a0\u00bb8991&Prime; img_size=\u00a0\u00bbfull\u00a0\u00bb alignment=\u00a0\u00bbcenter\u00a0\u00bb onclick=\u00a0\u00bbimg_link_large\u00a0\u00bb][\/vc_column][\/vc_row][vc_row][vc_column][vc_column_text]<\/p>\n<p><strong>Chambrier<\/strong><\/p>\n<p>Pour les Chambrier aussi, le VRM est la manif \u00e0 ne pas manquer et toute la famille \u00e9tait l\u00e0 pour vous ravitailler en pi\u00e8ces, en pneus et m\u00eame en nouvelles motos pour votre collection.<\/p>\n<p>[\/vc_column_text][vc_single_image image=\u00a0\u00bb8989&Prime; img_size=\u00a0\u00bbfull\u00a0\u00bb add_caption=\u00a0\u00bbyes\u00a0\u00bb alignment=\u00a0\u00bbcenter\u00a0\u00bb onclick=\u00a0\u00bbimg_link_large\u00a0\u00bb][vc_single_image image=\u00a0\u00bb8990&Prime; img_size=\u00a0\u00bbfull\u00a0\u00bb add_caption=\u00a0\u00bbyes\u00a0\u00bb alignment=\u00a0\u00bbcenter\u00a0\u00bb onclick=\u00a0\u00bbimg_link_large\u00a0\u00bb][\/vc_column][\/vc_row][vc_row][vc_column][vc_column_text]<\/p>\n<p><strong>Et puis, dans l&rsquo;ordre, des Anglaises, des Allemandes et des Fran\u00e7aises et des amis<\/strong><\/p>\n<p>Franchement, dans cette r\u00e9union qui devient de plus en plus internationale \u00e0 chaque \u00e9dition, ne manque gu\u00e8re que des Italiens. C&rsquo;est que nous sommes loin, mais ils ne savent pas ce qu&rsquo;ils ont manqu\u00e9 !<\/p>\n<p>[\/vc_column_text][vc_single_image image=\u00a0\u00bb8993&Prime; img_size=\u00a0\u00bbfull\u00a0\u00bb add_caption=\u00a0\u00bbyes\u00a0\u00bb alignment=\u00a0\u00bbcenter\u00a0\u00bb style=\u00a0\u00bbvc_box_shadow_3d\u00a0\u00bb onclick=\u00a0\u00bbcustom_link\u00a0\u00bb img_link_target=\u00a0\u00bb_blank\u00a0\u00bb link=\u00a0\u00bbhttps:\/\/www.moto-collection.org\/moto-collection\/fmd-moto-Seal-902.htm\u00a0\u00bb css=\u00a0\u00bb.vc_custom_1715939433579{background-color: #a0d4f7 !important;}\u00a0\u00bb][vc_single_image image=\u00a0\u00bb8994&Prime; img_size=\u00a0\u00bbfull\u00a0\u00bb add_caption=\u00a0\u00bbyes\u00a0\u00bb alignment=\u00a0\u00bbcenter\u00a0\u00bb onclick=\u00a0\u00bbimg_link_large\u00a0\u00bb][vc_single_image image=\u00a0\u00bb8995&Prime; img_size=\u00a0\u00bbfull\u00a0\u00bb add_caption=\u00a0\u00bbyes\u00a0\u00bb alignment=\u00a0\u00bbcenter\u00a0\u00bb style=\u00a0\u00bbvc_box_shadow_3d\u00a0\u00bb onclick=\u00a0\u00bbcustom_link\u00a0\u00bb img_link_target=\u00a0\u00bb_blank\u00a0\u00bb link=\u00a0\u00bbhttps:\/\/www.moto-collection.org\/moto-collection\/fmd-moto-Rex-Acme-4120.htm\u00a0\u00bb css=\u00a0\u00bb.vc_custom_1715939453295{background-color: #a0d4f7 !important;}\u00a0\u00bb][vc_single_image image=\u00a0\u00bb8996&Prime; img_size=\u00a0\u00bbfull\u00a0\u00bb add_caption=\u00a0\u00bbyes\u00a0\u00bb alignment=\u00a0\u00bbcenter\u00a0\u00bb style=\u00a0\u00bbvc_box_shadow_3d\u00a0\u00bb onclick=\u00a0\u00bbcustom_link\u00a0\u00bb img_link_target=\u00a0\u00bb_blank\u00a0\u00bb css=\u00a0\u00bb.vc_custom_1715932967132{background-color: #a0d4f7 !important;}\u00a0\u00bb link=\u00a0\u00bbhttps:\/\/www.moto-collection.org\/moto-collection\/fmd-moto-Velocette-2002.htm\u00a0\u00bb][vc_single_image image=\u00a0\u00bb8997&Prime; img_size=\u00a0\u00bbfull\u00a0\u00bb add_caption=\u00a0\u00bbyes\u00a0\u00bb alignment=\u00a0\u00bbcenter\u00a0\u00bb style=\u00a0\u00bbvc_box_shadow_border\u00a0\u00bb onclick=\u00a0\u00bbcustom_link\u00a0\u00bb img_link_target=\u00a0\u00bb_blank\u00a0\u00bb link=\u00a0\u00bbhttps:\/\/www.moto-collection.org\/moto-collection\/fmd-moto-Rudge-4814.htm\u00a0\u00bb css=\u00a0\u00bb.vc_custom_1715933663780{background-color: #a0d4f7 !important;}\u00a0\u00bb][vc_single_image image=\u00a0\u00bb8998&Prime; img_size=\u00a0\u00bbfull\u00a0\u00bb add_caption=\u00a0\u00bbyes\u00a0\u00bb alignment=\u00a0\u00bbcenter\u00a0\u00bb onclick=\u00a0\u00bbimg_link_large\u00a0\u00bb][vc_single_image image=\u00a0\u00bb8999&Prime; img_size=\u00a0\u00bbfull\u00a0\u00bb css=\u00a0\u00bb.vc_custom_1715937926707{background-color: #a0d4f7 !important;}\u00a0\u00bb][vc_single_image image=\u00a0\u00bb9000&Prime; img_size=\u00a0\u00bbfull\u00a0\u00bb add_caption=\u00a0\u00bbyes\u00a0\u00bb alignment=\u00a0\u00bbcenter\u00a0\u00bb style=\u00a0\u00bbvc_box_shadow_3d\u00a0\u00bb onclick=\u00a0\u00bbcustom_link\u00a0\u00bb img_link_target=\u00a0\u00bb_blank\u00a0\u00bb link=\u00a0\u00bbhttps:\/\/www.moto-collection.org\/moto-collection\/fmd-moto-OEC-6713.htm\u00a0\u00bb css=\u00a0\u00bb.vc_custom_1715939593090{background-color: #a0d4f7 !important;}\u00a0\u00bb][vc_single_image image=\u00a0\u00bb9001&Prime; img_size=\u00a0\u00bbfull\u00a0\u00bb add_caption=\u00a0\u00bbyes\u00a0\u00bb alignment=\u00a0\u00bbcenter\u00a0\u00bb style=\u00a0\u00bbvc_box_shadow_3d\u00a0\u00bb onclick=\u00a0\u00bbcustom_link\u00a0\u00bb img_link_target=\u00a0\u00bb_blank\u00a0\u00bb link=\u00a0\u00bbhttps:\/\/www.moto-collection.org\/moto-collection\/fmd-moto-DKW-2210.htm\u00a0\u00bb css=\u00a0\u00bb.vc_custom_1715934989740{background-color: #a0d4f7 !important;}\u00a0\u00bb][vc_single_image image=\u00a0\u00bb9002&Prime; img_size=\u00a0\u00bbfull\u00a0\u00bb add_caption=\u00a0\u00bbyes\u00a0\u00bb alignment=\u00a0\u00bbcenter\u00a0\u00bb style=\u00a0\u00bbvc_box_shadow_border\u00a0\u00bb onclick=\u00a0\u00bbcustom_link\u00a0\u00bb img_link_target=\u00a0\u00bb_blank\u00a0\u00bb link=\u00a0\u00bbhttps:\/\/www.moto-collection.org\/moto-collection\/fmd-moto-Schuttoff-9926.htm\u00a0\u00bb css=\u00a0\u00bb.vc_custom_1715935230675{background-color: #a0d4f7 !important;}\u00a0\u00bb][vc_single_image image=\u00a0\u00bb9003&Prime; img_size=\u00a0\u00bbfull\u00a0\u00bb add_caption=\u00a0\u00bbyes\u00a0\u00bb alignment=\u00a0\u00bbcenter\u00a0\u00bb][vc_single_image image=\u00a0\u00bb9004&Prime; img_size=\u00a0\u00bbfull\u00a0\u00bb add_caption=\u00a0\u00bbyes\u00a0\u00bb alignment=\u00a0\u00bbcenter\u00a0\u00bb style=\u00a0\u00bbvc_box_shadow_3d\u00a0\u00bb onclick=\u00a0\u00bbcustom_link\u00a0\u00bb img_link_target=\u00a0\u00bb_blank\u00a0\u00bb link=\u00a0\u00bbhttps:\/\/www.moto-collection.org\/moto-collection\/fmd-moto-Peugeot-3920.htm\u00a0\u00bb css=\u00a0\u00bb.vc_custom_1715935710894{background-color: #a0d4f7 !important;}\u00a0\u00bb][vc_single_image image=\u00a0\u00bb9005&Prime; img_size=\u00a0\u00bbfull\u00a0\u00bb add_caption=\u00a0\u00bbyes\u00a0\u00bb alignment=\u00a0\u00bbcenter\u00a0\u00bb onclick=\u00a0\u00bbimg_link_large\u00a0\u00bb][vc_single_image image=\u00a0\u00bb9007&Prime; img_size=\u00a0\u00bbfull\u00a0\u00bb add_caption=\u00a0\u00bbyes\u00a0\u00bb alignment=\u00a0\u00bbcenter\u00a0\u00bb style=\u00a0\u00bbvc_box_shadow_3d\u00a0\u00bb onclick=\u00a0\u00bbcustom_link\u00a0\u00bb link=\u00a0\u00bbhttps:\/\/www.moto-collection.org\/moto-collection\/fmd-moto-Magnat-Debon-6118.htm\u00a0\u00bb css=\u00a0\u00bb.vc_custom_1715936667168{background-color: #a0d4f7 !important;}\u00a0\u00bb][\/vc_column][\/vc_row][vc_row][vc_column][vc_column_text]<\/p>\n<p style=\"text-align: justify;\"><strong>Des tris De Dion et des v\u00e9los pendant la pause<\/strong><\/p>\n<p style=\"text-align: justify;\">Brillante id\u00e9e, durant la pause de midi \u00e9taient successivement organis\u00e9e une \u00ab\u00a0course\u00a0\u00bb de v\u00e9los anciens (y compris un v\u00e9lo de record enti\u00e8rement car\u00e9n\u00e9, mais con\u00e7u pour les lignes droites exclusivement et pas pour un anneau qui tourne) et une d\u00e9mo de 20 tricycles De Dion, Cl\u00e9ment, Corre, Ph\u00e9bus, Peugeot et autres, organis\u00e9e par des Anglais. Il n&rsquo;y avait d&rsquo;ailleurs qu&rsquo;un seul Fran\u00e7ais engag\u00e9 et les British int\u00e9gristes ont cat\u00e9goriquement refus\u00e9 l&rsquo;inscription d&rsquo;un quadricycle De Dion 1HP 3\/4 de 1899 enti\u00e8rement d&rsquo;origine. Dommage, ce quatre roues n&rsquo;aurait pas g\u00e2ch\u00e9 le spectacle assez extraordinaire de tous ces tris tournant sur un ovale devant les stands. Il y en eut d&rsquo;ailleurs bien un pour se mettre sur le toit. Petite remarque en passant, faudrait quand m\u00eame dire aux Anglais de rester plus proche de l&rsquo;origine, les carbus Amal et la peinture \u00e9poxy vont mal avec les Tri De Dion.<\/p>\n<p>[\/vc_column_text][vc_single_image image=\u00a0\u00bb8976&Prime; img_size=\u00a0\u00bbfull\u00a0\u00bb alignment=\u00a0\u00bbcenter\u00a0\u00bb onclick=\u00a0\u00bbimg_link_large\u00a0\u00bb][\/vc_column][\/vc_row][vc_row][vc_column][vc_column_text]<\/p>\n<p style=\"text-align: center;\"><span style=\"color: #666699;\">Cr\u00e9dit photos : Jean Boulicot, Claude Caucal, Pascal et Claire Moreau\u2026 et Fran\u00e7ois-Marie Dumas<\/span><\/p>\n<p>[\/vc_column_text][\/vc_column][\/vc_row]<\/p>\n","protected":false},"excerpt":{"rendered":"<p>[vc_row][vc_column][vc_column_text] Mille mercis et bravos \u00e0 Vincent Chamon, Jean-Piere Olayat et toute l&rsquo;\u00e9quipe du VRM pour cette organisation parfaite dans les moindres d\u00e9tails et pour avoir r\u00e9uni un tel plateau autour de l&rsquo;anneau de Montlh\u00e9ry pour son centenaire. On ne pouvait r\u00eaver d&rsquo;une plus belle f\u00eate d&rsquo;anniversaire. C&rsquo;est le dernier, disent les rumeurs, mais tous [&hellip;]<\/p>\n","protected":false},"author":1,"featured_media":9008,"comment_status":"open","ping_status":"open","sticky":false,"template":"","format":"standard","meta":[],"categories":[12,2],"tags":[],"_links":{"self":[{"href":"https:\/\/www.moto-collection.org\/blog\/wp-json\/wp\/v2\/posts\/8975"}],"collection":[{"href":"https:\/\/www.moto-collection.org\/blog\/wp-json\/wp\/v2\/posts"}],"about":[{"href":"https:\/\/www.moto-collection.org\/blog\/wp-json\/wp\/v2\/types\/post"}],"author":[{"embeddable":true,"href":"https:\/\/www.moto-collection.org\/blog\/wp-json\/wp\/v2\/users\/1"}],"replies":[{"embeddable":true,"href":"https:\/\/www.moto-collection.org\/blog\/wp-json\/wp\/v2\/comments?post=8975"}],"version-history":[{"count":0,"href":"https:\/\/www.moto-collection.org\/blog\/wp-json\/wp\/v2\/posts\/8975\/revisions"}],"wp:featuredmedia":[{"embeddable":true,"href":"https:\/\/www.moto-collection.org\/blog\/wp-json\/wp\/v2\/media\/9008"}],"wp:attachment":[{"href":"https:\/\/www.moto-collection.org\/blog\/wp-json\/wp\/v2\/media?parent=8975"}],"wp:term":[{"taxonomy":"category","embeddable":true,"href":"https:\/\/www.moto-collection.org\/blog\/wp-json\/wp\/v2\/categories?post=8975"},{"taxonomy":"post_tag","embeddable":true,"href":"https:\/\/www.moto-collection.org\/blog\/wp-json\/wp\/v2\/tags?post=8975"}],"curies":[{"name":"wp","href":"https:\/\/api.w.org\/{rel}","templated":true}]}}