{"id":9034,"date":"2024-07-23T17:54:26","date_gmt":"2024-07-23T17:54:26","guid":{"rendered":"https:\/\/www.moto-collection.org\/blog\/?p=9034"},"modified":"2024-08-26T10:35:17","modified_gmt":"2024-08-26T10:35:17","slug":"olivier-de-la-garoullaye","status":"publish","type":"post","link":"https:\/\/www.moto-collection.org\/blog\/olivier-de-la-garoullaye\/","title":{"rendered":"Olivier de la Garoullaye"},"content":{"rendered":"<p>[vc_row][vc_column][vc_column_text]<\/p>\n<p style=\"text-align: justify;\"><strong>Il ne se passe malheureusement gu\u00e8re de semaine sans qu&rsquo;il tombe une triste nouvelle. Nous apprenons aujourd&rsquo;hui la disparition notre ami Olivier de la Garoullaye, journaliste, pilote et grand connaisseur de la moto. Si vous n&rsquo;avez \u00a0jamais entendu parler de lui, vous l&rsquo;avez sans doute entendu parler, car il fut pendant de longues ann\u00e9es le speaker des coupes Moto-L\u00e9gende. <\/strong><strong>Je laisse Fran\u00e7ois-Ars\u00e8ne Jolivet, qui en \u00e9tait tr\u00e8s proche, lui rendre hommage.<\/strong><\/p>\n<p>[\/vc_column_text][\/vc_column][\/vc_row][vc_row][vc_column][vc_single_image image=\u00a0\u00bb9032&Prime; img_size=\u00a0\u00bbfull\u00a0\u00bb add_caption=\u00a0\u00bbyes\u00a0\u00bb alignment=\u00a0\u00bbcenter\u00a0\u00bb][\/vc_column][\/vc_row][vc_row][vc_column][vc_column_text css=\u00a0\u00bb.vc_custom_1721757105994{margin-top: 10px !important;margin-right: 10px !important;margin-bottom: 10px !important;margin-left: 10px !important;border-top-width: 7px !important;border-right-width: 7px !important;border-bottom-width: 7px !important;border-left-width: 7px !important;padding-top: 7px !important;padding-right: 7px !important;padding-left: 7px !important;background-color: #e5f2f9 !important;border-left-color: #1e73be !important;border-right-color: #1e73be !important;border-top-color: #1e73be !important;border-bottom-color: #1e73be !important;}\u00a0\u00bb]<\/p>\n<div>\n<p style=\"text-align: justify;\"><strong>Parti le 18 juillet \u00e0 pr\u00e8s de 80 ans apr\u00e8s une maladie longue et \u00e9prouvante, Olivier de la Garoullaye \u00e9tait un personnage d&rsquo;une qualit\u00e9 rare dot\u00e9 d&rsquo;un incroyable talent dans des domaines tr\u00e8s divers<\/strong>. Cavalier de comp\u00e9tition accompli, \u00e9leveur, il \u00e9tait une sommit\u00e9 reconnue dans le monde hippique. Motocycliste, il a t\u00e2t\u00e9 avec bonheur de toutes les disciplines dont le trial \u2013 repr\u00e9sentant \u00e0 la FFM puis pr\u00e9sident-fondateur de l&rsquo;AFATA &#8211; et la vitesse &#8211; 4e au Bol d&rsquo;Or en 1970 \u00e0 Montlh\u00e9ry, 3e au Mans en 71 sur 250 Kawasaki. Il fut aussi journaliste dans des titres comme Champion en 1968,<span class=\"apple-converted-space\">\u00a0<\/span>r\u00e9dacteur en chef de La Moto et directeur de France-Moto. Depuis 1970 il fut aussi le speaker de grands \u00e9v\u00e9nements\u00a0: 15 ans aux 24 heures du Mans moto, \u00e9galement aux 24 heures du Mans auto et \u00e0 des Grands Prix de France, comme<span class=\"apple-converted-space\">\u00a0<\/span>en 1973 \u00e0 Dijon-Prenois o\u00f9 Christian Estrosi a gagn\u00e9 en 750 devant Giacomo Agostini<i>.<\/i><span class=\"apple-converted-space\">\u00a0<\/span>Et pendant plusieurs ann\u00e9es, Olivier r\u00e9gala les spectateurs des Coupes Moto L\u00e9gende de ses commentaires pertinents et toujours tr\u00e8s document\u00e9s. Chose rare, en d\u00e9pit de cette abondance de talents Olivier \u00e9tait un excellent camarade d&rsquo;une modestie exemplaire assortie d&rsquo;un humour inoxydable. Ce fut un bonheur de t&rsquo;avoir connu, ami\u00a0!<\/p>\n<\/div>\n<div>\n<p style=\"text-align: justify;\"><strong>Fran\u00e7ois-Ars\u00e8ne<\/strong><\/p>\n<\/div>\n<p>[\/vc_column_text][\/vc_column][\/vc_row][vc_row][vc_column][vc_single_image image=\u00a0\u00bb9031&Prime; img_size=\u00a0\u00bbfull\u00a0\u00bb add_caption=\u00a0\u00bbyes\u00a0\u00bb alignment=\u00a0\u00bbcenter\u00a0\u00bb][\/vc_column][\/vc_row][vc_row][vc_column][vc_column_text]<\/p>\n<p>-News-<\/p>\n<p>[\/vc_column_text][\/vc_column][\/vc_row]<\/p>\n","protected":false},"excerpt":{"rendered":"<p>[vc_row][vc_column][vc_column_text] Il ne se passe malheureusement gu\u00e8re de semaine sans qu&rsquo;il tombe une triste nouvelle. Nous apprenons aujourd&rsquo;hui la disparition notre ami Olivier de la Garoullaye, journaliste, pilote et grand connaisseur de la moto. Si vous n&rsquo;avez \u00a0jamais entendu parler de lui, vous l&rsquo;avez sans doute entendu parler, car il fut pendant de longues ann\u00e9es [&hellip;]<\/p>\n","protected":false},"author":1,"featured_media":9032,"comment_status":"open","ping_status":"open","sticky":false,"template":"","format":"standard","meta":[],"categories":[12],"tags":[898],"_links":{"self":[{"href":"https:\/\/www.moto-collection.org\/blog\/wp-json\/wp\/v2\/posts\/9034"}],"collection":[{"href":"https:\/\/www.moto-collection.org\/blog\/wp-json\/wp\/v2\/posts"}],"about":[{"href":"https:\/\/www.moto-collection.org\/blog\/wp-json\/wp\/v2\/types\/post"}],"author":[{"embeddable":true,"href":"https:\/\/www.moto-collection.org\/blog\/wp-json\/wp\/v2\/users\/1"}],"replies":[{"embeddable":true,"href":"https:\/\/www.moto-collection.org\/blog\/wp-json\/wp\/v2\/comments?post=9034"}],"version-history":[{"count":0,"href":"https:\/\/www.moto-collection.org\/blog\/wp-json\/wp\/v2\/posts\/9034\/revisions"}],"wp:featuredmedia":[{"embeddable":true,"href":"https:\/\/www.moto-collection.org\/blog\/wp-json\/wp\/v2\/media\/9032"}],"wp:attachment":[{"href":"https:\/\/www.moto-collection.org\/blog\/wp-json\/wp\/v2\/media?parent=9034"}],"wp:term":[{"taxonomy":"category","embeddable":true,"href":"https:\/\/www.moto-collection.org\/blog\/wp-json\/wp\/v2\/categories?post=9034"},{"taxonomy":"post_tag","embeddable":true,"href":"https:\/\/www.moto-collection.org\/blog\/wp-json\/wp\/v2\/tags?post=9034"}],"curies":[{"name":"wp","href":"https:\/\/api.w.org\/{rel}","templated":true}]}}