{"id":9250,"date":"2024-10-30T16:45:51","date_gmt":"2024-10-30T16:45:51","guid":{"rendered":"https:\/\/www.moto-collection.org\/blog\/?p=9250"},"modified":"2024-11-04T16:28:30","modified_gmt":"2024-11-04T16:28:30","slug":"jacky-boeuf","status":"publish","type":"post","link":"https:\/\/www.moto-collection.org\/blog\/jacky-boeuf\/","title":{"rendered":"Jacky Boeuf"},"content":{"rendered":"<p>[vc_row][vc_column][vc_column_text]<\/p>\n<p style=\"text-align: justify;\"><strong>Jacky Boeuf est d\u00e9c\u00e9d\u00e9 aujourd&rsquo;hui, le 30 octobre 2024 \u00e0 94 ans.<\/strong><\/p>\n<p style=\"text-align: justify;\">Jacky Boeuf, coureur amateur dans les ann\u00e9es cinquante, sp\u00e9cialiste en \u00e9lectricit\u00e9 automobile et \u00e9ternel associ\u00e9 de Jean Nougier \u00e0 Saint-Andiol.<\/p>\n<p style=\"text-align: justify;\">Jacky Boeuf, vous n&rsquo;avez peut-\u00eatre pas eu la chance de le conna\u00eetre, mais vous avez peut-\u00eatre lu ses souvenirs sans le savoir. Il avait en effet une m\u00e9moire fabuleuse et d&rsquo;une pr\u00e9cision d\u00e9concertante et c&rsquo;est lui qui m&rsquo;avait racont\u00e9 tout ce que j&rsquo;ai \u00e9crit dans mon livre sur les motos Nougier. J&rsquo;avais d&rsquo;ailleurs retranscrit ses paroles enregistr\u00e9es dans un chapitre pour conserver son language si fleuri d&rsquo;un bel accent de Provence.<\/p>\n<p>[\/vc_column_text][vc_single_image image=\u00a0\u00bb9251&Prime; img_size=\u00a0\u00bbfull\u00a0\u00bb add_caption=\u00a0\u00bbyes\u00a0\u00bb onclick=\u00a0\u00bbimg_link_large\u00a0\u00bb][\/vc_column][\/vc_row][vc_row][vc_column][vc_column_text]<\/p>\n<p style=\"text-align: justify;\">Incroyable Jacky qui se rappelait de chaque course, tour par tour : <span style=\"font-size: 1em;\">\u00ab\u00a0cette fois o\u00f9 untel a cass\u00e9 au 17e tour, et Henri l&rsquo;a pass\u00e9\u00a0\u00bb ou cette anecdote qu&rsquo;il racontait : \u00ab\u00a0tu sais, on avait pas beaucoup d&rsquo;argent \u00e0 cette \u00e9poque et des fois Jean engageait ses motos dans deux courses locales le m\u00eame jour. Comme \u00e7a on avait couru le matin \u00e0 \u2026 et la moto avait cass\u00e9 une soupape, mais elle \u00e9tait engag\u00e9e l&rsquo;apr\u00e8s-midi dans une autre petite ville. Jean m&rsquo;a dit tu vas conduire et je monte derri\u00e8re avec la moto. Il a d\u00e9mont\u00e9 et r\u00e9par\u00e9 la distribution pendant le voyage et on a gagn\u00e9 la course l&rsquo;apr\u00e8s-midi !\u00a0\u00bb<\/span><\/p>\n<p style=\"text-align: justify;\">Ces derni\u00e8res ann\u00e9es, Jacky avait progressivement perdu presque compl\u00e8tement la vue, mais Claude Caucal, son meilleur ami, venait le chercher pour l&rsquo;amener \u00e0 son atelier et Jacky, m\u00eame quand il ne pouvait plus le faire lui-m\u00eame, le guidait pour r\u00e9gler un allumage ou r\u00e9parer une magn\u00e9to.<\/p>\n<p>[\/vc_column_text][vc_single_image image=\u00a0\u00bb9252&Prime; img_size=\u00a0\u00bbfull\u00a0\u00bb add_caption=\u00a0\u00bbyes\u00a0\u00bb onclick=\u00a0\u00bbimg_link_large\u00a0\u00bb][\/vc_column][\/vc_row][vc_row][vc_column width=\u00a0\u00bb1\/2&Prime;][vc_single_image image=\u00a0\u00bb9254&Prime; img_size=\u00a0\u00bblarge\u00a0\u00bb add_caption=\u00a0\u00bbyes\u00a0\u00bb onclick=\u00a0\u00bbimg_link_large\u00a0\u00bb][\/vc_column][vc_column width=\u00a0\u00bb1\/2&Prime;][vc_single_image image=\u00a0\u00bb9255&Prime; img_size=\u00a0\u00bblarge\u00a0\u00bb add_caption=\u00a0\u00bbyes\u00a0\u00bb onclick=\u00a0\u00bbimg_link_large\u00a0\u00bb][\/vc_column][\/vc_row][vc_row][vc_column][vc_column_text]<\/p>\n<p style=\"text-align: justify;\">Une page de l&rsquo;histoire se tourne et nous avons perdu un ami. A sa famille, sa fille Babette, ses trois fils, Philippe, Christophe et Jean-Pierre, et ses proches, je pr\u00e9sente toutes mes condol\u00e9ances.<\/p>\n<p>[\/vc_column_text][vc_single_image image=\u00a0\u00bb9253&Prime; img_size=\u00a0\u00bbfull\u00a0\u00bb add_caption=\u00a0\u00bbyes\u00a0\u00bb onclick=\u00a0\u00bbimg_link_large\u00a0\u00bb][\/vc_column][\/vc_row]<\/p>\n","protected":false},"excerpt":{"rendered":"<p>Jacky Boeuf, coureur amateur dans les ann\u00e9es cinquante, puis sp\u00e9cialiste en \u00e9lectricit\u00e9 automobile et \u00e9ternel associ\u00e9 de Jean Nougier \u00e0 Saint-Andiol nous a quitt\u00e9s.<\/p>\n","protected":false},"author":1,"featured_media":9251,"comment_status":"open","ping_status":"open","sticky":false,"template":"","format":"standard","meta":[],"categories":[2],"tags":[79,926,927,928],"_links":{"self":[{"href":"https:\/\/www.moto-collection.org\/blog\/wp-json\/wp\/v2\/posts\/9250"}],"collection":[{"href":"https:\/\/www.moto-collection.org\/blog\/wp-json\/wp\/v2\/posts"}],"about":[{"href":"https:\/\/www.moto-collection.org\/blog\/wp-json\/wp\/v2\/types\/post"}],"author":[{"embeddable":true,"href":"https:\/\/www.moto-collection.org\/blog\/wp-json\/wp\/v2\/users\/1"}],"replies":[{"embeddable":true,"href":"https:\/\/www.moto-collection.org\/blog\/wp-json\/wp\/v2\/comments?post=9250"}],"version-history":[{"count":0,"href":"https:\/\/www.moto-collection.org\/blog\/wp-json\/wp\/v2\/posts\/9250\/revisions"}],"wp:featuredmedia":[{"embeddable":true,"href":"https:\/\/www.moto-collection.org\/blog\/wp-json\/wp\/v2\/media\/9251"}],"wp:attachment":[{"href":"https:\/\/www.moto-collection.org\/blog\/wp-json\/wp\/v2\/media?parent=9250"}],"wp:term":[{"taxonomy":"category","embeddable":true,"href":"https:\/\/www.moto-collection.org\/blog\/wp-json\/wp\/v2\/categories?post=9250"},{"taxonomy":"post_tag","embeddable":true,"href":"https:\/\/www.moto-collection.org\/blog\/wp-json\/wp\/v2\/tags?post=9250"}],"curies":[{"name":"wp","href":"https:\/\/api.w.org\/{rel}","templated":true}]}}